{"id":18621,"date":"2025-10-09T15:53:02","date_gmt":"2025-10-09T20:53:02","guid":{"rendered":"https:\/\/www.radiointeractivo.com.mx\/?p=18621"},"modified":"2025-10-09T15:53:04","modified_gmt":"2025-10-09T20:53:04","slug":"reconocen-a-estudiantes-de-la-universidad-tecnologica-de-altamira-en-exposciences-international-2025","status":"publish","type":"post","link":"https:\/\/www.radiointeractivo.com.mx\/?p=18621","title":{"rendered":"Reconocen a estudiantes de la Universidad Tecnol\u00f3gica de Altamira en ExpoSciences International 2025"},"content":{"rendered":"\n<p>Octubre 06 de 2025<\/p>\n\n\n\n<p>Abu Dhabi, Emiratos \u00c1rabes Unidos.\u2013 La Universidad Tecnol\u00f3gica de Altamira (UTALT) obtuvo un reconocimiento internacional en la ExpoSciences International 2025, celebrada en Abu Dhabi, Emiratos \u00c1rabes Unidos, por el proyecto \u201cTERRA: Pol\u00edmero avanzado biodegradable a base de celulosa para reducir la generaci\u00f3n de micropl\u00e1sticos\u201d, que fue distinguido en la categor\u00eda Environment &amp; Ecosystems.<\/p>\n\n\n\n<p>Mara Acosta Gonz\u00e1lez, rectora de la universidad, explic\u00f3 que el proyecto TERRA fue desarrollado por las alumnas Mar\u00eda Fernanda L\u00f3pez Villarreal y Keila Salatiel Alvear Arteaga, bajo la asesor\u00eda de la Dra. Dulce Isaura Vallejo Rend\u00f3n, quienes representaron con orgullo a M\u00e9xico y a Tamaulipas en esta competencia de talla mundial.<\/p>\n\n\n\n<p>Dijo que el reconocimiento obtenido refleja la calidad acad\u00e9mica y el compromiso ambiental de la UTALT, as\u00ed como su firme prop\u00f3sito de impulsar la innovaci\u00f3n con impacto social y ecol\u00f3gico. El trabajo de las j\u00f3venes investigadoras busca ofrecer una alternativa sustentable para disminuir la contaminaci\u00f3n por micropl\u00e1sticos, uno de los principales retos ambientales a nivel global.<\/p>\n\n\n\n<p>\u201cEste triunfo reafirma el compromiso de nuestra universidad con la ciencia, la sostenibilidad y la formaci\u00f3n de profesionistas que contribuyen a transformar el mundo desde la innovaci\u00f3n y la investigaci\u00f3n aplicada\u201d, destac\u00f3.<\/p>\n\n\n\n<p>Se\u00f1al\u00f3 que, con este tipo de reconocimientos internacionales, la Universidad Tecnol\u00f3gica de Altamira consolida su liderazgo en la promoci\u00f3n del conocimiento cient\u00edfico y tecnol\u00f3gico, y contin\u00faa posicion\u00e1ndose como un referente de excelencia educativa y desarrollo sostenible para Tamaulipas y M\u00e9xico.<\/p>\n\n\n\n<p>Agradeci\u00f3 de manera especial al gobernador Am\u00e9rico Villarreal Anaya, al secretario de Educaci\u00f3n Miguel \u00c1ngel Valdez Garc\u00eda, y al Consejo Tamaulipeco de Ciencia y Tecnolog\u00eda (COTACYT) por el constante apoyo y acompa\u00f1amiento que hicieron posible la participaci\u00f3n de la instituci\u00f3n en escenarios internacionales.<\/p>\n\n\n\n<pre class=\"wp-block-code\"><code>        *   *   *<\/code><\/pre>\n","protected":false},"excerpt":{"rendered":"<p>Octubre 06 de 2025 Abu Dhabi, Emiratos \u00c1rabes Unidos.\u2013 La Universidad Tecnol\u00f3gica de Altamira (UTALT) obtuvo un reconocimiento internacional en la ExpoSciences International 2025, celebrada en Abu Dhabi, Emiratos \u00c1rabes Unidos, por el proyecto \u201cTERRA: Pol\u00edmero avanzado biodegradable a base de celulosa para reducir la generaci\u00f3n de micropl\u00e1sticos\u201d, que fue distinguido en la categor\u00eda Environment &hellip;<\/p>\n","protected":false},"author":2,"featured_media":18622,"comment_status":"open","ping_status":"open","sticky":false,"template":"","format":"standard","meta":{"footnotes":""},"categories":[39],"tags":[],"class_list":["post-18621","post","type-post","status-publish","format-standard","has-post-thumbnail","","category-tamaulipas"],"_links":{"self":[{"href":"https:\/\/www.radiointeractivo.com.mx\/index.php?rest_route=\/wp\/v2\/posts\/18621","targetHints":{"allow":["GET"]}}],"collection":[{"href":"https:\/\/www.radiointeractivo.com.mx\/index.php?rest_route=\/wp\/v2\/posts"}],"about":[{"href":"https:\/\/www.radiointeractivo.com.mx\/index.php?rest_route=\/wp\/v2\/types\/post"}],"author":[{"embeddable":true,"href":"https:\/\/www.radiointeractivo.com.mx\/index.php?rest_route=\/wp\/v2\/users\/2"}],"replies":[{"embeddable":true,"href":"https:\/\/www.radiointeractivo.com.mx\/index.php?rest_route=%2Fwp%2Fv2%2Fcomments&post=18621"}],"version-history":[{"count":1,"href":"https:\/\/www.radiointeractivo.com.mx\/index.php?rest_route=\/wp\/v2\/posts\/18621\/revisions"}],"predecessor-version":[{"id":18623,"href":"https:\/\/www.radiointeractivo.com.mx\/index.php?rest_route=\/wp\/v2\/posts\/18621\/revisions\/18623"}],"wp:featuredmedia":[{"embeddable":true,"href":"https:\/\/www.radiointeractivo.com.mx\/index.php?rest_route=\/wp\/v2\/media\/18622"}],"wp:attachment":[{"href":"https:\/\/www.radiointeractivo.com.mx\/index.php?rest_route=%2Fwp%2Fv2%2Fmedia&parent=18621"}],"wp:term":[{"taxonomy":"category","embeddable":true,"href":"https:\/\/www.radiointeractivo.com.mx\/index.php?rest_route=%2Fwp%2Fv2%2Fcategories&post=18621"},{"taxonomy":"post_tag","embeddable":true,"href":"https:\/\/www.radiointeractivo.com.mx\/index.php?rest_route=%2Fwp%2Fv2%2Ftags&post=18621"}],"curies":[{"name":"wp","href":"https:\/\/api.w.org\/{rel}","templated":true}]}}