{"id":18580,"date":"2025-10-08T19:29:46","date_gmt":"2025-10-09T00:29:46","guid":{"rendered":"https:\/\/www.radiointeractivo.com.mx\/?p=18580"},"modified":"2025-10-08T19:29:48","modified_gmt":"2025-10-09T00:29:48","slug":"consolida-nuevo-laredo-liderazgo-estrategico-alcaldesa-carmen-lilia-canturosas-destaca-sinergia-con-gobiernos-federal-y-estatal","status":"publish","type":"post","link":"https:\/\/www.radiointeractivo.com.mx\/?p=18580","title":{"rendered":"CONSOLIDA NUEVO LAREDO LIDERAZGO ESTRAT\u00c9GICO: ALCALDESA CARMEN LILIA CANTUROSAS DESTACA SINERGIA CON GOBIERNOS FEDERAL Y ESTATAL"},"content":{"rendered":"\n<figure class=\"wp-block-image size-large\"><img loading=\"lazy\" decoding=\"async\" width=\"1024\" height=\"683\" src=\"https:\/\/www.radiointeractivo.com.mx\/wp-content\/uploads\/2025\/10\/WhatsApp-Image-2025-10-08-at-4.00.18-PM-1024x683.jpeg\" alt=\"\" class=\"wp-image-18581\" srcset=\"https:\/\/www.radiointeractivo.com.mx\/wp-content\/uploads\/2025\/10\/WhatsApp-Image-2025-10-08-at-4.00.18-PM-1024x683.jpeg 1024w, https:\/\/www.radiointeractivo.com.mx\/wp-content\/uploads\/2025\/10\/WhatsApp-Image-2025-10-08-at-4.00.18-PM-300x200.jpeg 300w, https:\/\/www.radiointeractivo.com.mx\/wp-content\/uploads\/2025\/10\/WhatsApp-Image-2025-10-08-at-4.00.18-PM-768x512.jpeg 768w, https:\/\/www.radiointeractivo.com.mx\/wp-content\/uploads\/2025\/10\/WhatsApp-Image-2025-10-08-at-4.00.18-PM-1536x1024.jpeg 1536w, https:\/\/www.radiointeractivo.com.mx\/wp-content\/uploads\/2025\/10\/WhatsApp-Image-2025-10-08-at-4.00.18-PM.jpeg 1600w\" sizes=\"auto, (max-width: 1024px) 100vw, 1024px\" \/><\/figure>\n\n\n\n<p>Por: Staff | #NuevoLaredo #Laredo #NLD #Tamaulipas<\/p>\n\n\n\n<p>La presidenta municipal de Nuevo Laredo, Carmen Lilia Canturosas Villarreal, emiti\u00f3 un posicionamiento durante la Sesi\u00f3n de Cabildo para refrendar el compromiso de su administraci\u00f3n con la coordinaci\u00f3n intergubernamental y reconocer el impulso que ha otorgado la presidenta Claudia Sheinbaum y el gobernador Am\u00e9rico Villarreal a esta frontera.<\/p>\n\n\n\n<p>Destac\u00f3 que el momento actual que vive la ciudad no es producto del azar, sino el resultado de una visi\u00f3n compartida y de un trabajo intenso y coordinado con la federaci\u00f3n y el estado que han brindado un apoyo estrat\u00e9gico para el desarrollo de Nuevo Laredo.<\/p>\n\n\n\n<p>\u201cQuiero reconocer y agradecer profundamente la visi\u00f3n y el liderazgo de la presidenta de M\u00e9xico, la doctora Claudia Sheinbaum Pardo, al conmemorar su primer a\u00f1o de gobierno. Su administraci\u00f3n ha demostrado con hechos un compromiso inquebrantable con el desarrollo del norte del pa\u00eds y, muy especialmente, con Nuevo Laredo\u201d, enfatiz\u00f3.<\/p>\n\n\n\n<p>La alcaldesa asegur\u00f3 que la apuesta federal m\u00e1s transformadora es el Tren del Golfo de M\u00e9xico, un megaproyecto cuya obra en el tramo Saltillo\u2013Nuevo Laredo reducir\u00e1 costos log\u00edsticos y detonar\u00e1 el progreso econ\u00f3mico de toda la regi\u00f3n.<\/p>\n\n\n\n<p>Subray\u00f3 tambi\u00e9n la pr\u00f3xima inauguraci\u00f3n de la sede de la Agencia Nacional de Aduanas de M\u00e9xico (ANAM) en la ciudad, la cual representa un voto de confianza monumental que consolida a Nuevo Laredo como el nodo comercial m\u00e1s importante del pa\u00eds, garantizando mayor eficiencia, seguridad y transparencia en la operaci\u00f3n aduanera.<\/p>\n\n\n\n<p>Estos proyectos se complementan con la ampliaci\u00f3n del Puente del Comercio Mundial y el desarrollo del segundo puente ferroviario internacional, obras impulsadas con el respaldo del Gobierno del Estado de Tamaulipas.<\/p>\n\n\n\n<p>Tambi\u00e9n extendi\u00f3 su reconocimiento al gobernador Am\u00e9rico Villarreal Anaya por sus tres a\u00f1os de gesti\u00f3n, durante los cuales, dijo, ha sido un aliado estrat\u00e9gico y un impulsor incansable del desarrollo de Nuevo Laredo.<\/p>\n\n\n\n<p>\u201cEl Gobierno del Estado ha entendido que para que la infraestructura funcione, se necesita un soporte local fuerte. Las inversiones hist\u00f3ricas del estado en obra p\u00fablica para Nuevo Laredo son la prueba de ello\u201d, se\u00f1al\u00f3.<\/p>\n\n\n\n<p>Canturosas destac\u00f3 que el Gobierno Estatal ha materializado este respaldo mediante inversiones hist\u00f3ricas en obra p\u00fablica, como la modernizaci\u00f3n de vialidades que mejoran la calidad de vida de las y los ciudadanos y fortalecen la competitividad de este puerto terrestre.<\/p>\n\n\n\n<p>Reiter\u00f3 adem\u00e1s el compromiso inquebrantable del gobierno municipal de seguir siendo el mejor aliado para que, en unidad, se contin\u00fae construyendo el Nuevo Laredo que la ciudadan\u00eda merece: un puerto pujante, una comunidad unida y la indiscutible Puerta de M\u00e9xico al Mundo.<\/p>\n\n\n\n<p>Finalmente, la alcaldesa defini\u00f3 el papel del gobierno municipal como pieza clave en la coordinaci\u00f3n institucional, al fungir como enlace, facilitador y gestor que garantiza que los proyectos federales y estatales se concreten con orden, planeaci\u00f3n urbana y un beneficio tangible para la ciudadan\u00eda. Concluy\u00f3 su mensaje al reafirmar la voluntad de mantener la sinton\u00eda entre los tres niveles de gobierno para que Nuevo Laredo siga consolid\u00e1ndose como un referente nacional de desarrollo y progreso.<\/p>\n","protected":false},"excerpt":{"rendered":"<p>Por: Staff | #NuevoLaredo #Laredo #NLD #Tamaulipas La presidenta municipal de Nuevo Laredo, Carmen Lilia Canturosas Villarreal, emiti\u00f3 un posicionamiento durante la Sesi\u00f3n de Cabildo para refrendar el compromiso de su administraci\u00f3n con la coordinaci\u00f3n intergubernamental y reconocer el impulso que ha otorgado la presidenta Claudia Sheinbaum y el gobernador Am\u00e9rico Villarreal a esta frontera. &hellip;<\/p>\n","protected":false},"author":1,"featured_media":18581,"comment_status":"open","ping_status":"open","sticky":false,"template":"","format":"standard","meta":{"footnotes":""},"categories":[38],"tags":[],"class_list":["post-18580","post","type-post","status-publish","format-standard","has-post-thumbnail","","category-nuevo-laredo"],"_links":{"self":[{"href":"https:\/\/www.radiointeractivo.com.mx\/index.php?rest_route=\/wp\/v2\/posts\/18580","targetHints":{"allow":["GET"]}}],"collection":[{"href":"https:\/\/www.radiointeractivo.com.mx\/index.php?rest_route=\/wp\/v2\/posts"}],"about":[{"href":"https:\/\/www.radiointeractivo.com.mx\/index.php?rest_route=\/wp\/v2\/types\/post"}],"author":[{"embeddable":true,"href":"https:\/\/www.radiointeractivo.com.mx\/index.php?rest_route=\/wp\/v2\/users\/1"}],"replies":[{"embeddable":true,"href":"https:\/\/www.radiointeractivo.com.mx\/index.php?rest_route=%2Fwp%2Fv2%2Fcomments&post=18580"}],"version-history":[{"count":1,"href":"https:\/\/www.radiointeractivo.com.mx\/index.php?rest_route=\/wp\/v2\/posts\/18580\/revisions"}],"predecessor-version":[{"id":18582,"href":"https:\/\/www.radiointeractivo.com.mx\/index.php?rest_route=\/wp\/v2\/posts\/18580\/revisions\/18582"}],"wp:featuredmedia":[{"embeddable":true,"href":"https:\/\/www.radiointeractivo.com.mx\/index.php?rest_route=\/wp\/v2\/media\/18581"}],"wp:attachment":[{"href":"https:\/\/www.radiointeractivo.com.mx\/index.php?rest_route=%2Fwp%2Fv2%2Fmedia&parent=18580"}],"wp:term":[{"taxonomy":"category","embeddable":true,"href":"https:\/\/www.radiointeractivo.com.mx\/index.php?rest_route=%2Fwp%2Fv2%2Fcategories&post=18580"},{"taxonomy":"post_tag","embeddable":true,"href":"https:\/\/www.radiointeractivo.com.mx\/index.php?rest_route=%2Fwp%2Fv2%2Ftags&post=18580"}],"curies":[{"name":"wp","href":"https:\/\/api.w.org\/{rel}","templated":true}]}}