{"id":1858,"date":"2023-09-20T15:50:16","date_gmt":"2023-09-20T20:50:16","guid":{"rendered":"https:\/\/www.radiointeractivo.com.mx\/?p=1858"},"modified":"2023-09-20T15:50:17","modified_gmt":"2023-09-20T20:50:17","slug":"invitan-a-jovenes-a-inscribirse-para-beca-de-titulacion","status":"publish","type":"post","link":"https:\/\/www.radiointeractivo.com.mx\/?p=1858","title":{"rendered":"INVITAN A J\u00d3VENES A INSCRIBIRSE PARA BECA DE TITULACI\u00d3N"},"content":{"rendered":"\n<p>Por: Staff <\/p>\n\n\n\n<p>La alcaldesa Carmen Lilia Canturosas Villarreal, hizo un llamado a j\u00f3venes universitarios pr\u00f3ximos a concluir su carrera, a inscribirse para la Beca de Titulaci\u00f3n, ya que el pr\u00f3ximo 22 de septiembre vence el t\u00e9rmino para presentar su solicitud.<\/p>\n\n\n\n<p>\u201cHacemos un llamado a todos los universitarios para que accedan a este beneficio que es \u00fanico en el estado, era un compromiso que hicimos con los j\u00f3venes de Nuevo Laredo y que hoy es una realidad porque como siempre lo he dicho, la educaci\u00f3n es la base de la transformaci\u00f3n\u201d, dijo la alcaldesa.<\/p>\n\n\n\n<p>Reiter\u00f3 que es importante agilizar el tr\u00e1mite para que los j\u00f3venes interesados puedan acceder a este apoyo econ\u00f3mico con el cual podr\u00e1n tramitar su t\u00edtulo profesional.<\/p>\n\n\n\n<p>El Gobierno municipal firm\u00f3 un hist\u00f3rico acuerdo con diversas universidades locales con la finalidad de apoyar a los egresados en el tr\u00e1mite de este importante documento.<\/p>\n\n\n\n<p>La Beca de Titulaci\u00f3n es una de las siete que el actual Gobierno otorga a los estudiantes, artistas y deportistas de Nuevo Laredo.<\/p>\n\n\n\n<p>Para mayor informaci\u00f3n sobre \u00e9sta y las otras becas disponibles, los interesados pueden acceder a la p\u00e1gina www.nld.gob.mx para acceder a la convocatoria y registrarse.<\/p>\n","protected":false},"excerpt":{"rendered":"<p>Por: Staff La alcaldesa Carmen Lilia Canturosas Villarreal, hizo un llamado a j\u00f3venes universitarios pr\u00f3ximos a concluir su carrera, a inscribirse para la Beca de Titulaci\u00f3n, ya que el pr\u00f3ximo 22 de septiembre vence el t\u00e9rmino para presentar su solicitud. \u201cHacemos un llamado a todos los universitarios para que accedan a este beneficio que es &hellip;<\/p>\n","protected":false},"author":1,"featured_media":1859,"comment_status":"open","ping_status":"open","sticky":false,"template":"","format":"standard","meta":{"footnotes":""},"categories":[38],"tags":[],"class_list":["post-1858","post","type-post","status-publish","format-standard","has-post-thumbnail","","category-nuevo-laredo"],"_links":{"self":[{"href":"https:\/\/www.radiointeractivo.com.mx\/index.php?rest_route=\/wp\/v2\/posts\/1858","targetHints":{"allow":["GET"]}}],"collection":[{"href":"https:\/\/www.radiointeractivo.com.mx\/index.php?rest_route=\/wp\/v2\/posts"}],"about":[{"href":"https:\/\/www.radiointeractivo.com.mx\/index.php?rest_route=\/wp\/v2\/types\/post"}],"author":[{"embeddable":true,"href":"https:\/\/www.radiointeractivo.com.mx\/index.php?rest_route=\/wp\/v2\/users\/1"}],"replies":[{"embeddable":true,"href":"https:\/\/www.radiointeractivo.com.mx\/index.php?rest_route=%2Fwp%2Fv2%2Fcomments&post=1858"}],"version-history":[{"count":1,"href":"https:\/\/www.radiointeractivo.com.mx\/index.php?rest_route=\/wp\/v2\/posts\/1858\/revisions"}],"predecessor-version":[{"id":1860,"href":"https:\/\/www.radiointeractivo.com.mx\/index.php?rest_route=\/wp\/v2\/posts\/1858\/revisions\/1860"}],"wp:featuredmedia":[{"embeddable":true,"href":"https:\/\/www.radiointeractivo.com.mx\/index.php?rest_route=\/wp\/v2\/media\/1859"}],"wp:attachment":[{"href":"https:\/\/www.radiointeractivo.com.mx\/index.php?rest_route=%2Fwp%2Fv2%2Fmedia&parent=1858"}],"wp:term":[{"taxonomy":"category","embeddable":true,"href":"https:\/\/www.radiointeractivo.com.mx\/index.php?rest_route=%2Fwp%2Fv2%2Fcategories&post=1858"},{"taxonomy":"post_tag","embeddable":true,"href":"https:\/\/www.radiointeractivo.com.mx\/index.php?rest_route=%2Fwp%2Fv2%2Ftags&post=1858"}],"curies":[{"name":"wp","href":"https:\/\/api.w.org\/{rel}","templated":true}]}}