{"id":1849,"date":"2023-09-20T15:12:56","date_gmt":"2023-09-20T20:12:56","guid":{"rendered":"https:\/\/www.radiointeractivo.com.mx\/?p=1849"},"modified":"2023-09-20T15:12:57","modified_gmt":"2023-09-20T20:12:57","slug":"refrenda-nataly-garcia-diaz-compromiso-con-educacionen-diaz-ordaz","status":"publish","type":"post","link":"https:\/\/www.radiointeractivo.com.mx\/?p=1849","title":{"rendered":"REFRENDA NATALY GARCIA DIAZ COMPROMISO CON EDUCACIONEN D\u00cdAZ ORDAZ"},"content":{"rendered":"\n<p>Por: Staff | #DiazOrdaz #Tamaulipas<\/p>\n\n\n\n<p>Gustavo D\u00edaz Ordaz, Tam.- Con la entrega de la rehabilitaci\u00f3n de una techumbre en el Cobat 09, la Alcaldesa Nataly Garc\u00eda D\u00edaz refrendo su compromiso de apoyar a la educaci\u00f3n brindando a los estudiantes los espacios e instalaciones adecuadas para un mejor desempe\u00f1o de sus actividades.<\/p>\n\n\n\n<p>\u201cEl trabajo coordinado entre los tres niveles de gobierno, nos da la oportunidad de realizar una labor m\u00e1s integral, por lo que les pedimos que hagan su mejor esfuerzo ya que ustedes son el presente y el futuro de D\u00edaz Ordaz, veo en ustedes a muchos profesionistas que pueden sacar adelante el municipio, aportando para su transformaci\u00f3n\u201d.<\/p>\n\n\n\n<p>En esta ceremonia estuvieron presentes el Coordinador de la Zona Norte Regi\u00f3n 2 Diego Quintana Huerta, en representaci\u00f3n del Dr. Rub\u00e9n Ely Ram\u00edrez Rivas Director General de los Colegios de Bachilleres de Tamaulipas, integrantes del H. Cabildo, Directores del municipio y Directivos y Docentes del Plantel.<\/p>\n\n\n\n<p>A nombre de los alumnos, el joven \u00c1lvaro Padilla Soto dio la bienvenida a las autoridades y el agradecimiento a la Alcaldesa por esta rehabilitaci\u00f3n de la estructura met\u00e1lica de la plaza c\u00edvica de la escuela.<\/p>\n","protected":false},"excerpt":{"rendered":"<p>Por: Staff | #DiazOrdaz #Tamaulipas Gustavo D\u00edaz Ordaz, Tam.- Con la entrega de la rehabilitaci\u00f3n de una techumbre en el Cobat 09, la Alcaldesa Nataly Garc\u00eda D\u00edaz refrendo su compromiso de apoyar a la educaci\u00f3n brindando a los estudiantes los espacios e instalaciones adecuadas para un mejor desempe\u00f1o de sus actividades. \u201cEl trabajo coordinado entre &hellip;<\/p>\n","protected":false},"author":1,"featured_media":1850,"comment_status":"open","ping_status":"open","sticky":false,"template":"","format":"standard","meta":{"footnotes":""},"categories":[39],"tags":[],"class_list":["post-1849","post","type-post","status-publish","format-standard","has-post-thumbnail","","category-tamaulipas"],"_links":{"self":[{"href":"https:\/\/www.radiointeractivo.com.mx\/index.php?rest_route=\/wp\/v2\/posts\/1849","targetHints":{"allow":["GET"]}}],"collection":[{"href":"https:\/\/www.radiointeractivo.com.mx\/index.php?rest_route=\/wp\/v2\/posts"}],"about":[{"href":"https:\/\/www.radiointeractivo.com.mx\/index.php?rest_route=\/wp\/v2\/types\/post"}],"author":[{"embeddable":true,"href":"https:\/\/www.radiointeractivo.com.mx\/index.php?rest_route=\/wp\/v2\/users\/1"}],"replies":[{"embeddable":true,"href":"https:\/\/www.radiointeractivo.com.mx\/index.php?rest_route=%2Fwp%2Fv2%2Fcomments&post=1849"}],"version-history":[{"count":1,"href":"https:\/\/www.radiointeractivo.com.mx\/index.php?rest_route=\/wp\/v2\/posts\/1849\/revisions"}],"predecessor-version":[{"id":1851,"href":"https:\/\/www.radiointeractivo.com.mx\/index.php?rest_route=\/wp\/v2\/posts\/1849\/revisions\/1851"}],"wp:featuredmedia":[{"embeddable":true,"href":"https:\/\/www.radiointeractivo.com.mx\/index.php?rest_route=\/wp\/v2\/media\/1850"}],"wp:attachment":[{"href":"https:\/\/www.radiointeractivo.com.mx\/index.php?rest_route=%2Fwp%2Fv2%2Fmedia&parent=1849"}],"wp:term":[{"taxonomy":"category","embeddable":true,"href":"https:\/\/www.radiointeractivo.com.mx\/index.php?rest_route=%2Fwp%2Fv2%2Fcategories&post=1849"},{"taxonomy":"post_tag","embeddable":true,"href":"https:\/\/www.radiointeractivo.com.mx\/index.php?rest_route=%2Fwp%2Fv2%2Ftags&post=1849"}],"curies":[{"name":"wp","href":"https:\/\/api.w.org\/{rel}","templated":true}]}}