{"id":1843,"date":"2023-09-20T14:36:37","date_gmt":"2023-09-20T19:36:37","guid":{"rendered":"https:\/\/www.radiointeractivo.com.mx\/?p=1843"},"modified":"2023-09-20T14:36:37","modified_gmt":"2023-09-20T19:36:37","slug":"anuncia-alcaldesa-carmen-lilia-canturosas-fiesta-mexicana-con-presentacion-de-salomon-robles-y-alicia-villarreal","status":"publish","type":"post","link":"https:\/\/www.radiointeractivo.com.mx\/?p=1843","title":{"rendered":"ANUNCIA ALCALDESA CARMEN LILIA CANTUROSAS FIESTA MEXICANA CON PRESENTACI\u00d3N DE SALOM\u00d3N ROBLES Y ALICIA VILLARREAL"},"content":{"rendered":"\n<p>Por: Staff <\/p>\n\n\n\n<p>Debido a que el pasado viernes se suspendi\u00f3 la ceremonia del Grito de Independencia por cuestiones climatol\u00f3gicas, el Gobierno Municipal llevar\u00e1 a cabo \u00a1Viva Nuevo Laredo! La Fiesta Mexicana, la pr\u00f3xima semana con dos grandes presentaciones art\u00edsticas.<\/p>\n\n\n\n<p>La alcaldesa Carmen Lilia Canturosas Villarreal, anunci\u00f3 en su conferencia \u201cNuevo Laredo Comunica\u201d, que para reponer el baile del Grito de Independencia, este s\u00e1bado 30 de septiembre se presentar\u00e1 en la Explanada de la Independencia el concierto de Salom\u00f3n Robles y Alicia Villarreal.<\/p>\n\n\n\n<p>\u201cAquella noche de lluvia sal\u00ed del palacio para hacer un recorrido por la ciudad y tuve la oportunidad de dar un grito muy espont\u00e1neo junto a ciudadanos que ah\u00ed esperaban a que pasara la lluvia y les promet\u00ed que repondr\u00edamos el concierto, hoy es una realidad y espero asistan a divertirse y representar el orgullo de ser mexicano\u201d, destac\u00f3.<\/p>\n\n\n\n<p>La presidenta municipal invit\u00f3 a toda la ciudadan\u00eda a que disfruten de este concierto para cerrar con broche de oro el mes patrio, adem\u00e1s que tras la suspensi\u00f3n de 15 de septiembre, recibi\u00f3 muchas peticiones ciudadanos para que el festejo se reprogramara.<\/p>\n\n\n\n<p>Agradeci\u00f3 a los artistas por su compromiso con la poblaci\u00f3n de Nuevo Laredo, ya que accedieron a presentarse de nuevo sin costo adicional.<\/p>\n\n\n\n<p>\u201cSalom\u00f3n Robles entendi\u00f3 muy bien la situaci\u00f3n y se comprometi\u00f3 a reponer su presentaci\u00f3n sin costo alguno ya que contaba con la fecha disponible; por parte de Ana B\u00e1rbara por cuestiones de agenda no ser\u00e1 posible que regrese, pero la empresa de representaci\u00f3n se comprometi\u00f3 con la presentaci\u00f3n de la regiomontana Alicia Villarreal\u201d, explic\u00f3.<\/p>\n\n\n\n<p>Canturosas Villarreal, reiter\u00f3 que la cita ser\u00e1 el s\u00e1bado 30 de septiembre en punto de las 7:00 de la tarde en la Explanada de la Independencia frente a Palacio Federal.<\/p>\n","protected":false},"excerpt":{"rendered":"<p>Por: Staff Debido a que el pasado viernes se suspendi\u00f3 la ceremonia del Grito de Independencia por cuestiones climatol\u00f3gicas, el Gobierno Municipal llevar\u00e1 a cabo \u00a1Viva Nuevo Laredo! La Fiesta Mexicana, la pr\u00f3xima semana con dos grandes presentaciones art\u00edsticas. La alcaldesa Carmen Lilia Canturosas Villarreal, anunci\u00f3 en su conferencia \u201cNuevo Laredo Comunica\u201d, que para reponer &hellip;<\/p>\n","protected":false},"author":1,"featured_media":1844,"comment_status":"open","ping_status":"open","sticky":false,"template":"","format":"standard","meta":{"footnotes":""},"categories":[38],"tags":[],"class_list":["post-1843","post","type-post","status-publish","format-standard","has-post-thumbnail","","category-nuevo-laredo"],"_links":{"self":[{"href":"https:\/\/www.radiointeractivo.com.mx\/index.php?rest_route=\/wp\/v2\/posts\/1843","targetHints":{"allow":["GET"]}}],"collection":[{"href":"https:\/\/www.radiointeractivo.com.mx\/index.php?rest_route=\/wp\/v2\/posts"}],"about":[{"href":"https:\/\/www.radiointeractivo.com.mx\/index.php?rest_route=\/wp\/v2\/types\/post"}],"author":[{"embeddable":true,"href":"https:\/\/www.radiointeractivo.com.mx\/index.php?rest_route=\/wp\/v2\/users\/1"}],"replies":[{"embeddable":true,"href":"https:\/\/www.radiointeractivo.com.mx\/index.php?rest_route=%2Fwp%2Fv2%2Fcomments&post=1843"}],"version-history":[{"count":1,"href":"https:\/\/www.radiointeractivo.com.mx\/index.php?rest_route=\/wp\/v2\/posts\/1843\/revisions"}],"predecessor-version":[{"id":1845,"href":"https:\/\/www.radiointeractivo.com.mx\/index.php?rest_route=\/wp\/v2\/posts\/1843\/revisions\/1845"}],"wp:featuredmedia":[{"embeddable":true,"href":"https:\/\/www.radiointeractivo.com.mx\/index.php?rest_route=\/wp\/v2\/media\/1844"}],"wp:attachment":[{"href":"https:\/\/www.radiointeractivo.com.mx\/index.php?rest_route=%2Fwp%2Fv2%2Fmedia&parent=1843"}],"wp:term":[{"taxonomy":"category","embeddable":true,"href":"https:\/\/www.radiointeractivo.com.mx\/index.php?rest_route=%2Fwp%2Fv2%2Fcategories&post=1843"},{"taxonomy":"post_tag","embeddable":true,"href":"https:\/\/www.radiointeractivo.com.mx\/index.php?rest_route=%2Fwp%2Fv2%2Ftags&post=1843"}],"curies":[{"name":"wp","href":"https:\/\/api.w.org\/{rel}","templated":true}]}}