{"id":1826,"date":"2023-09-19T18:53:20","date_gmt":"2023-09-19T23:53:20","guid":{"rendered":"https:\/\/www.radiointeractivo.com.mx\/?p=1826"},"modified":"2023-09-19T18:53:21","modified_gmt":"2023-09-19T23:53:21","slug":"cuenta-centro-de-atencion-canino-de-nuevo-laredo-con-nueva-titular","status":"publish","type":"post","link":"https:\/\/www.radiointeractivo.com.mx\/?p=1826","title":{"rendered":"CUENTA CENTRO DE ATENCI\u00d3N CANINO DE NUEVO LAREDO CON NUEVA TITULAR"},"content":{"rendered":"\n<p>Por: Agencias | #NuevoLaredo #Tamaulipas<\/p>\n\n\n\n<p>Despu\u00e9s de una administraci\u00f3n de simulaci\u00f3n que dur\u00f3 casi 30 a\u00f1os, el Centro de Atenci\u00f3n Canino de Nuevo Laredo ser\u00e1 rehabilitado y contar\u00e1 con personal profesional y responsable para garantizar a la poblaci\u00f3n animal de la ciudad una atenci\u00f3n digna y de calidad.<\/p>\n\n\n\n<p>Luego de que el Secretario de Salud en Tamaulipas, Vicente Joel Hern\u00e1ndez Navarro, detectara en este centro anomal\u00edas, falta de valores, equipo inutilizable, as\u00ed como una infraestructura deplorable, destituy\u00f3 a Juan Salinas Aguilera, anterior jefe del recinto que estuvo al frente de dicha dependencia por casi tres d\u00e9cadas.<\/p>\n\n\n\n<p>En su lugar y desde el 24 de agosto del 2023, tom\u00f3 la responsabilidad temporalmente la m\u00e9dico veterinaria Mar\u00eda Fernanda Carmona Cavazos, quien por su excelente labor por el bienestar de los animales ocupar\u00e1 este puesto moment\u00e1neamente hasta que se confirme su nombramiento.<\/p>\n\n\n\n<p>Ahora, en un acuerdo de colaboraci\u00f3n entre el Gobierno Municipal y Estatal, los servicios del Centro de Atenci\u00f3n Canino se proyectan en distintas partes de la ciudad.<\/p>\n\n\n\n<p>La vacuna antirr\u00e1bica, que antes se aplicaba por 100 pesos, ahora se gestiona de forma gratuita por primera vez en las Cl\u00ednicas UNE, Asociaci\u00f3n Protectora de Animales (APA), Universidad Tecnol\u00f3gica y m\u00e1s.<\/p>\n\n\n\n<p>Adem\u00e1s, se proyecta novedades de beneficio para los perros con hogar o situaci\u00f3n de calle como esterilizaciones a bajo costo y la rehabilitaci\u00f3n total del Centro de Atenci\u00f3n Canino para transformar este lugar y que los perros se traten con dignidad.<\/p>\n\n\n\n<p>Anteriormente, el lugar contaba con jaulas oxidadas con tama\u00f1os inadecuados para contener a los animales, basura contenida en refrigeradores para medicamentos, equipo m\u00e9dico en desuso y desechos acumulados como sillas, lonas, tinacos y pedacer\u00eda.<\/p>\n","protected":false},"excerpt":{"rendered":"<p>Por: Agencias | #NuevoLaredo #Tamaulipas Despu\u00e9s de una administraci\u00f3n de simulaci\u00f3n que dur\u00f3 casi 30 a\u00f1os, el Centro de Atenci\u00f3n Canino de Nuevo Laredo ser\u00e1 rehabilitado y contar\u00e1 con personal profesional y responsable para garantizar a la poblaci\u00f3n animal de la ciudad una atenci\u00f3n digna y de calidad. Luego de que el Secretario de Salud &hellip;<\/p>\n","protected":false},"author":1,"featured_media":1827,"comment_status":"open","ping_status":"open","sticky":false,"template":"","format":"standard","meta":{"footnotes":""},"categories":[38],"tags":[],"class_list":["post-1826","post","type-post","status-publish","format-standard","has-post-thumbnail","","category-nuevo-laredo"],"_links":{"self":[{"href":"https:\/\/www.radiointeractivo.com.mx\/index.php?rest_route=\/wp\/v2\/posts\/1826","targetHints":{"allow":["GET"]}}],"collection":[{"href":"https:\/\/www.radiointeractivo.com.mx\/index.php?rest_route=\/wp\/v2\/posts"}],"about":[{"href":"https:\/\/www.radiointeractivo.com.mx\/index.php?rest_route=\/wp\/v2\/types\/post"}],"author":[{"embeddable":true,"href":"https:\/\/www.radiointeractivo.com.mx\/index.php?rest_route=\/wp\/v2\/users\/1"}],"replies":[{"embeddable":true,"href":"https:\/\/www.radiointeractivo.com.mx\/index.php?rest_route=%2Fwp%2Fv2%2Fcomments&post=1826"}],"version-history":[{"count":1,"href":"https:\/\/www.radiointeractivo.com.mx\/index.php?rest_route=\/wp\/v2\/posts\/1826\/revisions"}],"predecessor-version":[{"id":1828,"href":"https:\/\/www.radiointeractivo.com.mx\/index.php?rest_route=\/wp\/v2\/posts\/1826\/revisions\/1828"}],"wp:featuredmedia":[{"embeddable":true,"href":"https:\/\/www.radiointeractivo.com.mx\/index.php?rest_route=\/wp\/v2\/media\/1827"}],"wp:attachment":[{"href":"https:\/\/www.radiointeractivo.com.mx\/index.php?rest_route=%2Fwp%2Fv2%2Fmedia&parent=1826"}],"wp:term":[{"taxonomy":"category","embeddable":true,"href":"https:\/\/www.radiointeractivo.com.mx\/index.php?rest_route=%2Fwp%2Fv2%2Fcategories&post=1826"},{"taxonomy":"post_tag","embeddable":true,"href":"https:\/\/www.radiointeractivo.com.mx\/index.php?rest_route=%2Fwp%2Fv2%2Ftags&post=1826"}],"curies":[{"name":"wp","href":"https:\/\/api.w.org\/{rel}","templated":true}]}}