{"id":1814,"date":"2023-09-19T16:10:14","date_gmt":"2023-09-19T21:10:14","guid":{"rendered":"https:\/\/www.radiointeractivo.com.mx\/?p=1814"},"modified":"2023-09-19T16:10:15","modified_gmt":"2023-09-19T21:10:15","slug":"realiza-dif-estatal-campana-bienestar-en-tu-mirada-para-operar-gratis-a-pacientes-con-cataratas","status":"publish","type":"post","link":"https:\/\/www.radiointeractivo.com.mx\/?p=1814","title":{"rendered":"REALIZA DIF ESTATAL CAMPA\u00d1A \u201cBIENESTAR EN TU MIRADA\u201d PARA OPERAR GRATIS A PACIENTES CON CATARATAS"},"content":{"rendered":"\n<p>Por: Staff <\/p>\n\n\n\n<p>Con el objetivo de mejorar la visi\u00f3n de la ciudadan\u00eda, el Sistema DIF Tamaulipas en conjunto con el Patrimonio de la Beneficencia P\u00fablica de la Secretar\u00eda de Salud realizan en Nuevo Laredo la campa\u00f1a \u201cBienestar en tu Mirada\u201d en la que ser\u00e1n operadas de manera gratuita pacientes con cataratas.<\/p>\n\n\n\n<p>Este martes 19 de septiembre comenz\u00f3 la primera etapa de la campa\u00f1a en las instalaciones del Centro de Rehabilitaci\u00f3n Integral (CRI) con la valoraci\u00f3n de los pacientes por parte del equipo de especialistas que determinar\u00e1n qui\u00e9nes son candidatos a la cirug\u00eda.<\/p>\n\n\n\n<p>La campa\u00f1a es impulsada por el gobernador del estado Am\u00e9rico Villarreal Anaya, as\u00ed como por la Dra. Mar\u00eda de Villarreal, presidenta del DIF Tamaulipas en la que se beneficiaran a los neolaredenses.<\/p>\n\n\n\n<p>El director general del Sistema DIF Nuevo Laredo, Jos\u00e9 Luis Pintado Gamboa, destac\u00f3 que gracias a la buena relaci\u00f3n se lograron las gestiones para que \u201cBienestar en tu Mirada\u201d se lleve a cabo en esta ciudad fronteriza, reduciendo el tiempo de intervenci\u00f3n de las personas en lista de espera.<\/p>\n\n\n\n<p>\u201cEn esta etapa inicial se recibi\u00f3 a un grupo de las 200 candidatos que estaban a la espera de recibir el apoyo en la Jurisdicci\u00f3n Sanitaria y en el DIF, dependiendo de la valoraci\u00f3n y a lo que determinen los especialistas realizar\u00e1n las intervenciones en un mes y medio aproximadamente\u201d, explic\u00f3 el funcionario.<\/p>\n\n\n\n<p>A\u00f1adi\u00f3 que el DIF Nuevo Laredo que preside Claudette Canturosas ha beneficiado a m\u00e1s de 700 personas con la Campa\u00f1a Local de Cirug\u00eda de Cataratas en los \u00faltimos meses.<\/p>\n\n\n\n<p>Al inicio de la campa\u00f1a acudieron Briseida Hernandez Lozano, encargada de Cataratas del DIF Tamaulipas; Manlio Fabio Benavides Gonz\u00e1lez, jefe de la Jurisdicci\u00f3n Sanitaria No.5 y el director general del DIF Nuevo Laredo Jos\u00e9 Luis Pintado Gamboa.<\/p>\n\n\n\n<p>La campa\u00f1a \u201cBienestar en tu Mirada\u201d se realiza en diversos municipios de Tamaulipas con apoyo del Instituto Oftalvision.<\/p>\n","protected":false},"excerpt":{"rendered":"<p>Por: Staff Con el objetivo de mejorar la visi\u00f3n de la ciudadan\u00eda, el Sistema DIF Tamaulipas en conjunto con el Patrimonio de la Beneficencia P\u00fablica de la Secretar\u00eda de Salud realizan en Nuevo Laredo la campa\u00f1a \u201cBienestar en tu Mirada\u201d en la que ser\u00e1n operadas de manera gratuita pacientes con cataratas. Este martes 19 de &hellip;<\/p>\n","protected":false},"author":1,"featured_media":1815,"comment_status":"open","ping_status":"open","sticky":false,"template":"","format":"standard","meta":{"footnotes":""},"categories":[38],"tags":[],"class_list":["post-1814","post","type-post","status-publish","format-standard","has-post-thumbnail","","category-nuevo-laredo"],"_links":{"self":[{"href":"https:\/\/www.radiointeractivo.com.mx\/index.php?rest_route=\/wp\/v2\/posts\/1814","targetHints":{"allow":["GET"]}}],"collection":[{"href":"https:\/\/www.radiointeractivo.com.mx\/index.php?rest_route=\/wp\/v2\/posts"}],"about":[{"href":"https:\/\/www.radiointeractivo.com.mx\/index.php?rest_route=\/wp\/v2\/types\/post"}],"author":[{"embeddable":true,"href":"https:\/\/www.radiointeractivo.com.mx\/index.php?rest_route=\/wp\/v2\/users\/1"}],"replies":[{"embeddable":true,"href":"https:\/\/www.radiointeractivo.com.mx\/index.php?rest_route=%2Fwp%2Fv2%2Fcomments&post=1814"}],"version-history":[{"count":1,"href":"https:\/\/www.radiointeractivo.com.mx\/index.php?rest_route=\/wp\/v2\/posts\/1814\/revisions"}],"predecessor-version":[{"id":1816,"href":"https:\/\/www.radiointeractivo.com.mx\/index.php?rest_route=\/wp\/v2\/posts\/1814\/revisions\/1816"}],"wp:featuredmedia":[{"embeddable":true,"href":"https:\/\/www.radiointeractivo.com.mx\/index.php?rest_route=\/wp\/v2\/media\/1815"}],"wp:attachment":[{"href":"https:\/\/www.radiointeractivo.com.mx\/index.php?rest_route=%2Fwp%2Fv2%2Fmedia&parent=1814"}],"wp:term":[{"taxonomy":"category","embeddable":true,"href":"https:\/\/www.radiointeractivo.com.mx\/index.php?rest_route=%2Fwp%2Fv2%2Fcategories&post=1814"},{"taxonomy":"post_tag","embeddable":true,"href":"https:\/\/www.radiointeractivo.com.mx\/index.php?rest_route=%2Fwp%2Fv2%2Ftags&post=1814"}],"curies":[{"name":"wp","href":"https:\/\/api.w.org\/{rel}","templated":true}]}}