{"id":1808,"date":"2023-09-19T15:50:03","date_gmt":"2023-09-19T20:50:03","guid":{"rendered":"https:\/\/www.radiointeractivo.com.mx\/?p=1808"},"modified":"2023-09-19T15:50:04","modified_gmt":"2023-09-19T20:50:04","slug":"participa-nuevo-laredo-en-segundo-simulacro-nacional-2023","status":"publish","type":"post","link":"https:\/\/www.radiointeractivo.com.mx\/?p=1808","title":{"rendered":"PARTICIPA NUEVO LAREDO EN SEGUNDO SIMULACRO NACIONAL 2023"},"content":{"rendered":"\n<p>Por: Staff | <a href=\"https:\/\/www.facebook.com\/hashtag\/nuevolaredo?__eep__=6&amp;__cft__[0]=AZUB0inpf5x4HaGOMVoT8VKOymQG20rOgu5s89cQyOuudQ5i87vkQ5F4JeZl9ReL9KTEBVpN3buAxTTdmK_V1GzvS4OrAV_yFNsblq0LtE2j-WR_SHWC1wOoG1i7iJeqvA_ffiV-Y8t9avOwBin8TW6wkqAfj-59O0oIwpBCCgnWRiCUa-XaVsfB9DxiS-_HNL8&amp;__tn__=*NK-R\">#NuevoLaredo<\/a><a href=\"https:\/\/www.facebook.com\/hashtag\/tamaulipas?__eep__=6&amp;__cft__[0]=AZUB0inpf5x4HaGOMVoT8VKOymQG20rOgu5s89cQyOuudQ5i87vkQ5F4JeZl9ReL9KTEBVpN3buAxTTdmK_V1GzvS4OrAV_yFNsblq0LtE2j-WR_SHWC1wOoG1i7iJeqvA_ffiV-Y8t9avOwBin8TW6wkqAfj-59O0oIwpBCCgnWRiCUa-XaVsfB9DxiS-_HNL8&amp;__tn__=*NK-R\">#Tamaulipas<\/a><\/p>\n\n\n\n<p>Como medio de prevenci\u00f3n y un ensayo para actuar correctamente ante alg\u00fan siniestro, el Gobierno Municipal por medio de la Direcci\u00f3n de Protecci\u00f3n Civil y Bomberos (PCYB), se sum\u00f3 al Segundo Simulacro Nacional 2023 en el que, por parte de Nuevo Laredo, participaron alrededor de 700 personas entre empleados municipales y ciudadanos.<\/p>\n\n\n\n<p>El <a><\/a>director de PCYB, Humberto Fern\u00e1ndez Diez de Pinos, detall\u00f3 que el simulacro se trat\u00f3 como un incendio y se realiz\u00f3 en cinco edificios municipales como la Presidencia, el Anexo, Centro C\u00edvico, entre otros.<\/p>\n\n\n\n<p>\u201cLa importancia de los simulacros es para detectar deficiencias y \u00e1reas de oportunidad para la pr\u00f3xima vez hacer un mejor trabajo, estos ejercicios son para prevenir y medir nuestras acciones porque en un siniestro real tenemos que actuar con un margen cero de error\u201d, destac\u00f3.<\/p>\n\n\n\n<p>Inform\u00f3 que las anomal\u00edas detectadas en el simulacro de abril fueron resueltas y que el equipo de brigadistas y bomberos actu\u00f3 adecuadamente.<\/p>\n\n\n\n<p>Al finalizar el simulacro, bomberos, oficiales, param\u00e9dicos, trabajadores municipales y ciudadan\u00eda en general, alzaron el pu\u00f1o derecho como un homenaje a todas las v\u00edctimas de fen\u00f3menos naturales que se han presentado en el pa\u00eds.<\/p>\n\n\n\n<p>El primer Simulacro Nacional del 2023 se realiz\u00f3 el 19 de abril y atendi\u00f3 un supuesto sismo o terremoto.<\/p>\n","protected":false},"excerpt":{"rendered":"<p>Por: Staff | #NuevoLaredo#Tamaulipas Como medio de prevenci\u00f3n y un ensayo para actuar correctamente ante alg\u00fan siniestro, el Gobierno Municipal por medio de la Direcci\u00f3n de Protecci\u00f3n Civil y Bomberos (PCYB), se sum\u00f3 al Segundo Simulacro Nacional 2023 en el que, por parte de Nuevo Laredo, participaron alrededor de 700 personas entre empleados municipales y &hellip;<\/p>\n","protected":false},"author":1,"featured_media":1809,"comment_status":"open","ping_status":"open","sticky":false,"template":"","format":"standard","meta":{"footnotes":""},"categories":[38],"tags":[],"class_list":["post-1808","post","type-post","status-publish","format-standard","has-post-thumbnail","","category-nuevo-laredo"],"_links":{"self":[{"href":"https:\/\/www.radiointeractivo.com.mx\/index.php?rest_route=\/wp\/v2\/posts\/1808","targetHints":{"allow":["GET"]}}],"collection":[{"href":"https:\/\/www.radiointeractivo.com.mx\/index.php?rest_route=\/wp\/v2\/posts"}],"about":[{"href":"https:\/\/www.radiointeractivo.com.mx\/index.php?rest_route=\/wp\/v2\/types\/post"}],"author":[{"embeddable":true,"href":"https:\/\/www.radiointeractivo.com.mx\/index.php?rest_route=\/wp\/v2\/users\/1"}],"replies":[{"embeddable":true,"href":"https:\/\/www.radiointeractivo.com.mx\/index.php?rest_route=%2Fwp%2Fv2%2Fcomments&post=1808"}],"version-history":[{"count":1,"href":"https:\/\/www.radiointeractivo.com.mx\/index.php?rest_route=\/wp\/v2\/posts\/1808\/revisions"}],"predecessor-version":[{"id":1810,"href":"https:\/\/www.radiointeractivo.com.mx\/index.php?rest_route=\/wp\/v2\/posts\/1808\/revisions\/1810"}],"wp:featuredmedia":[{"embeddable":true,"href":"https:\/\/www.radiointeractivo.com.mx\/index.php?rest_route=\/wp\/v2\/media\/1809"}],"wp:attachment":[{"href":"https:\/\/www.radiointeractivo.com.mx\/index.php?rest_route=%2Fwp%2Fv2%2Fmedia&parent=1808"}],"wp:term":[{"taxonomy":"category","embeddable":true,"href":"https:\/\/www.radiointeractivo.com.mx\/index.php?rest_route=%2Fwp%2Fv2%2Fcategories&post=1808"},{"taxonomy":"post_tag","embeddable":true,"href":"https:\/\/www.radiointeractivo.com.mx\/index.php?rest_route=%2Fwp%2Fv2%2Ftags&post=1808"}],"curies":[{"name":"wp","href":"https:\/\/api.w.org\/{rel}","templated":true}]}}