{"id":17948,"date":"2025-08-27T14:18:07","date_gmt":"2025-08-27T19:18:07","guid":{"rendered":"https:\/\/www.radiointeractivo.com.mx\/?p=17948"},"modified":"2025-08-27T14:18:09","modified_gmt":"2025-08-27T19:18:09","slug":"lleva-gestion-ambiental-brigada-de-limpieza-a-tiradero-clandestino-en-colonia-matamoros","status":"publish","type":"post","link":"https:\/\/www.radiointeractivo.com.mx\/?p=17948","title":{"rendered":"LLEVA GESTI\u00d3N AMBIENTAL BRIGADA DE LIMPIEZA A TIRADERO CLANDESTINO EN COLONIA MATAMOROS"},"content":{"rendered":"\n<figure class=\"wp-block-image size-large\"><img loading=\"lazy\" decoding=\"async\" width=\"1024\" height=\"576\" src=\"https:\/\/www.radiointeractivo.com.mx\/wp-content\/uploads\/2025\/08\/WhatsApp-Image-2025-08-26-at-1.03.42-PM-1-1024x576.jpeg\" alt=\"\" class=\"wp-image-17949\" srcset=\"https:\/\/www.radiointeractivo.com.mx\/wp-content\/uploads\/2025\/08\/WhatsApp-Image-2025-08-26-at-1.03.42-PM-1-1024x576.jpeg 1024w, https:\/\/www.radiointeractivo.com.mx\/wp-content\/uploads\/2025\/08\/WhatsApp-Image-2025-08-26-at-1.03.42-PM-1-300x169.jpeg 300w, https:\/\/www.radiointeractivo.com.mx\/wp-content\/uploads\/2025\/08\/WhatsApp-Image-2025-08-26-at-1.03.42-PM-1-768x432.jpeg 768w, https:\/\/www.radiointeractivo.com.mx\/wp-content\/uploads\/2025\/08\/WhatsApp-Image-2025-08-26-at-1.03.42-PM-1-1536x864.jpeg 1536w, https:\/\/www.radiointeractivo.com.mx\/wp-content\/uploads\/2025\/08\/WhatsApp-Image-2025-08-26-at-1.03.42-PM-1.jpeg 1600w\" sizes=\"auto, (max-width: 1024px) 100vw, 1024px\" \/><\/figure>\n\n\n\n<p>Por: Staff | #NuevoLaredo #Laredo #NLD #Tamaulipas<\/p>\n\n\n\n<p>Con el objetivo de recuperar espacios p\u00fablicos y prevenir riesgos a la salud y al medio ambiente, la Coordinaci\u00f3n General de Gesti\u00f3n Ambiental encabez\u00f3 una brigada de limpieza en un tiradero clandestino ubicado debajo del puente de la calle Venezuela, en la privada Venezuela, detr\u00e1s del jard\u00edn de ni\u00f1os Nicol\u00e1s C\u00e1rdenas.<\/p>\n\n\n\n<p>Con apoyo de la Direcci\u00f3n de Servicios P\u00fablicos Primarios, se despleg\u00f3 personal operativo, adem\u00e1s de dos camiones de volteo y dos retroexcavadoras, con los cuales se logr\u00f3 retirar ramas, escombro, colchones y basura acumulada en la zona.<\/p>\n\n\n\n<p>Este punto es de especial atenci\u00f3n debido a que por ah\u00ed circula un desasolve de agua que constantemente se ve obstruido por los desechos, lo que representa un foco de contaminaci\u00f3n y posibles inundaciones.<\/p>\n\n\n\n<p>La Coordinaci\u00f3n General de Gesti\u00f3n Ambiental inform\u00f3 que estas acciones no solo buscan limpiar el \u00e1rea, sino tambi\u00e9n generar conciencia entre la ciudadan\u00eda para evitar que vuelva a ensuciarse.<\/p>\n\n\n\n<p>La dependencia municipal, hizo un llamado a la ciudadan\u00eda para erradicar estos tiraderos, invit\u00f3 a usar los centros de transferencia y reportar a quienes tiren basura en lugares indebidos.<\/p>\n","protected":false},"excerpt":{"rendered":"<p>Por: Staff | #NuevoLaredo #Laredo #NLD #Tamaulipas Con el objetivo de recuperar espacios p\u00fablicos y prevenir riesgos a la salud y al medio ambiente, la Coordinaci\u00f3n General de Gesti\u00f3n Ambiental encabez\u00f3 una brigada de limpieza en un tiradero clandestino ubicado debajo del puente de la calle Venezuela, en la privada Venezuela, detr\u00e1s del jard\u00edn de &hellip;<\/p>\n","protected":false},"author":1,"featured_media":17949,"comment_status":"open","ping_status":"open","sticky":false,"template":"","format":"standard","meta":{"footnotes":""},"categories":[38],"tags":[],"class_list":["post-17948","post","type-post","status-publish","format-standard","has-post-thumbnail","","category-nuevo-laredo"],"_links":{"self":[{"href":"https:\/\/www.radiointeractivo.com.mx\/index.php?rest_route=\/wp\/v2\/posts\/17948","targetHints":{"allow":["GET"]}}],"collection":[{"href":"https:\/\/www.radiointeractivo.com.mx\/index.php?rest_route=\/wp\/v2\/posts"}],"about":[{"href":"https:\/\/www.radiointeractivo.com.mx\/index.php?rest_route=\/wp\/v2\/types\/post"}],"author":[{"embeddable":true,"href":"https:\/\/www.radiointeractivo.com.mx\/index.php?rest_route=\/wp\/v2\/users\/1"}],"replies":[{"embeddable":true,"href":"https:\/\/www.radiointeractivo.com.mx\/index.php?rest_route=%2Fwp%2Fv2%2Fcomments&post=17948"}],"version-history":[{"count":1,"href":"https:\/\/www.radiointeractivo.com.mx\/index.php?rest_route=\/wp\/v2\/posts\/17948\/revisions"}],"predecessor-version":[{"id":17950,"href":"https:\/\/www.radiointeractivo.com.mx\/index.php?rest_route=\/wp\/v2\/posts\/17948\/revisions\/17950"}],"wp:featuredmedia":[{"embeddable":true,"href":"https:\/\/www.radiointeractivo.com.mx\/index.php?rest_route=\/wp\/v2\/media\/17949"}],"wp:attachment":[{"href":"https:\/\/www.radiointeractivo.com.mx\/index.php?rest_route=%2Fwp%2Fv2%2Fmedia&parent=17948"}],"wp:term":[{"taxonomy":"category","embeddable":true,"href":"https:\/\/www.radiointeractivo.com.mx\/index.php?rest_route=%2Fwp%2Fv2%2Fcategories&post=17948"},{"taxonomy":"post_tag","embeddable":true,"href":"https:\/\/www.radiointeractivo.com.mx\/index.php?rest_route=%2Fwp%2Fv2%2Ftags&post=17948"}],"curies":[{"name":"wp","href":"https:\/\/api.w.org\/{rel}","templated":true}]}}