{"id":17945,"date":"2025-08-27T14:12:08","date_gmt":"2025-08-27T19:12:08","guid":{"rendered":"https:\/\/www.radiointeractivo.com.mx\/?p=17945"},"modified":"2025-08-27T14:12:15","modified_gmt":"2025-08-27T19:12:15","slug":"dif-nuevo-laredo-ofrecera-talleres-globoflexia-y-belleza-en-colonia-palmares","status":"publish","type":"post","link":"https:\/\/www.radiointeractivo.com.mx\/?p=17945","title":{"rendered":"DIF NUEVO LAREDO OFRECER\u00c1 TALLERES GLOBOFLEXIA Y BELLEZA EN COLONIA PALMARES"},"content":{"rendered":"\n<figure class=\"wp-block-image size-large\"><img loading=\"lazy\" decoding=\"async\" width=\"1024\" height=\"682\" src=\"https:\/\/www.radiointeractivo.com.mx\/wp-content\/uploads\/2025\/08\/WhatsApp-Image-2025-08-26-at-4.12.40-PM-1024x682.jpeg\" alt=\"\" class=\"wp-image-17946\" srcset=\"https:\/\/www.radiointeractivo.com.mx\/wp-content\/uploads\/2025\/08\/WhatsApp-Image-2025-08-26-at-4.12.40-PM-1024x682.jpeg 1024w, https:\/\/www.radiointeractivo.com.mx\/wp-content\/uploads\/2025\/08\/WhatsApp-Image-2025-08-26-at-4.12.40-PM-300x200.jpeg 300w, https:\/\/www.radiointeractivo.com.mx\/wp-content\/uploads\/2025\/08\/WhatsApp-Image-2025-08-26-at-4.12.40-PM-768x512.jpeg 768w, https:\/\/www.radiointeractivo.com.mx\/wp-content\/uploads\/2025\/08\/WhatsApp-Image-2025-08-26-at-4.12.40-PM-310x205.jpeg 310w, https:\/\/www.radiointeractivo.com.mx\/wp-content\/uploads\/2025\/08\/WhatsApp-Image-2025-08-26-at-4.12.40-PM.jpeg 1280w\" sizes=\"auto, (max-width: 1024px) 100vw, 1024px\" \/><\/figure>\n\n\n\n<p>Por: Staff | #NuevoLaredo #Laredo #NLD #Tamaulipas<\/p>\n\n\n\n<p>Con la apertura de un nuevo espacio en la colonia Palmares, el Sistema para el Desarrollo Integral de la Familia (DIF) Nuevo Laredo abre las inscripciones para los talleres de los Centros para el Desarrollo Integral de la Familia (CEDIF) correspondientes al ciclo 2025\u20132026.<\/p>\n\n\n\n<p>Dentro de las instalaciones de la Cl\u00ednica UNE Palmares ubicada en las calles Guanajuato y Tamaulipas, funcionar\u00e1 por primera vez como sede de clases del CEDIF en donde se impartir\u00e1n los talleres de Globoflexia y Belleza, este \u00faltimo enfocado en u\u00f1as y corte de cabello, en un horario de 9:00 de la ma\u00f1ana a 12:00 del mediod\u00eda.<br>Con esta nueva sede, el DIF ampl\u00eda la cobertura de los CEDIF, que cada a\u00f1o ofrecen a la poblaci\u00f3n opciones de capacitaci\u00f3n en oficios y actividades que pueden convertirse en la base de un negocio propio.<\/p>\n\n\n\n<p>Adem\u00e1s, en la colonia Buenos Aires, el CEDIF 2 ofrece corte y confecci\u00f3n, manualidades y belleza, adem\u00e1s de cocina y reposter\u00eda en dos turnos (de 9:00 am a 12:00 pm y de 12:00 pm a 3:00 pm). Tambi\u00e9n se imparten clases de globoflexia, zumba en tres horarios matutinos y taekwondo por la tarde.<\/p>\n\n\n\n<p>En la colonia San Rafael, el CEDIF 3 imparte manualidades, belleza, reposter\u00eda y globoflexia, adem\u00e1s de zumba en horarios matutinos.<br>Mientras que en la colonia Voluntad y Trabajo II, el CEDIF 4 ofrece reposter\u00eda, globoflexia, corte y confecci\u00f3n, belleza y zumba, adem\u00e1s de taekwondo por la tarde.<\/p>\n\n\n\n<p>Los talleres est\u00e1n dise\u00f1ados para que los participantes adquieran habilidades que les permitan emprender un negocio al concluir su capacitaci\u00f3n, contribuyendo as\u00ed a mejorar la econom\u00eda familiar.<br>\u201cCada curso que ofrecemos en los CEDIF es una oportunidad para transformar el talento en un ingreso, generando m\u00e1s opciones de desarrollo para las familias\u201d, destac\u00f3 Claudette Canturosas Villarreal, presidenta del DIF Nuevo Laredo.<\/p>\n\n\n\n<p>Las inscripciones ya est\u00e1n abiertas en cada uno de los centros, donde las y los interesados podr\u00e1n elegir el taller y el horario que m\u00e1s se adapte a sus necesidades.<\/p>\n\n\n\n<p>Para registrarse es necesario presentar acta de nacimiento, CURP, comprobante de domicilio e identificaci\u00f3n oficial (INE). El costo de inscripci\u00f3n es de 100 pesos, m\u00e1s una inscripci\u00f3n de 50 pesos.<br>Las clases inician el pr\u00f3ximo 2 de septiembre, con excepci\u00f3n de CEDIF Palmares que iniciar\u00e1n el 15 de septiembre.<\/p>\n\n\n\n<p>El Sistema DIF Nuevo Laredo invita a la ciudadan\u00eda a aprovechar la oportunidad de capacitarse en un oficio que puede convertirse en una fuente de ingresos y una herramienta de superaci\u00f3n personal.<\/p>\n","protected":false},"excerpt":{"rendered":"<p>Por: Staff | #NuevoLaredo #Laredo #NLD #Tamaulipas Con la apertura de un nuevo espacio en la colonia Palmares, el Sistema para el Desarrollo Integral de la Familia (DIF) Nuevo Laredo abre las inscripciones para los talleres de los Centros para el Desarrollo Integral de la Familia (CEDIF) correspondientes al ciclo 2025\u20132026. Dentro de las instalaciones &hellip;<\/p>\n","protected":false},"author":1,"featured_media":17946,"comment_status":"open","ping_status":"open","sticky":false,"template":"","format":"standard","meta":{"footnotes":""},"categories":[38],"tags":[],"class_list":["post-17945","post","type-post","status-publish","format-standard","has-post-thumbnail","","category-nuevo-laredo"],"_links":{"self":[{"href":"https:\/\/www.radiointeractivo.com.mx\/index.php?rest_route=\/wp\/v2\/posts\/17945","targetHints":{"allow":["GET"]}}],"collection":[{"href":"https:\/\/www.radiointeractivo.com.mx\/index.php?rest_route=\/wp\/v2\/posts"}],"about":[{"href":"https:\/\/www.radiointeractivo.com.mx\/index.php?rest_route=\/wp\/v2\/types\/post"}],"author":[{"embeddable":true,"href":"https:\/\/www.radiointeractivo.com.mx\/index.php?rest_route=\/wp\/v2\/users\/1"}],"replies":[{"embeddable":true,"href":"https:\/\/www.radiointeractivo.com.mx\/index.php?rest_route=%2Fwp%2Fv2%2Fcomments&post=17945"}],"version-history":[{"count":1,"href":"https:\/\/www.radiointeractivo.com.mx\/index.php?rest_route=\/wp\/v2\/posts\/17945\/revisions"}],"predecessor-version":[{"id":17947,"href":"https:\/\/www.radiointeractivo.com.mx\/index.php?rest_route=\/wp\/v2\/posts\/17945\/revisions\/17947"}],"wp:featuredmedia":[{"embeddable":true,"href":"https:\/\/www.radiointeractivo.com.mx\/index.php?rest_route=\/wp\/v2\/media\/17946"}],"wp:attachment":[{"href":"https:\/\/www.radiointeractivo.com.mx\/index.php?rest_route=%2Fwp%2Fv2%2Fmedia&parent=17945"}],"wp:term":[{"taxonomy":"category","embeddable":true,"href":"https:\/\/www.radiointeractivo.com.mx\/index.php?rest_route=%2Fwp%2Fv2%2Fcategories&post=17945"},{"taxonomy":"post_tag","embeddable":true,"href":"https:\/\/www.radiointeractivo.com.mx\/index.php?rest_route=%2Fwp%2Fv2%2Ftags&post=17945"}],"curies":[{"name":"wp","href":"https:\/\/api.w.org\/{rel}","templated":true}]}}