{"id":17912,"date":"2025-08-25T15:04:04","date_gmt":"2025-08-25T20:04:04","guid":{"rendered":"https:\/\/www.radiointeractivo.com.mx\/?p=17912"},"modified":"2025-08-25T15:04:07","modified_gmt":"2025-08-25T20:04:07","slug":"dif-nuevo-laredo-realizara-brigada-medica-infantil-regreso-a-clases","status":"publish","type":"post","link":"https:\/\/www.radiointeractivo.com.mx\/?p=17912","title":{"rendered":"DIF Nuevo Laredo realizar\u00e1 Brigada M\u00e9dica Infantil \u201cRegreso a Clases\u201d"},"content":{"rendered":"\n<figure class=\"wp-block-image size-large\"><img loading=\"lazy\" decoding=\"async\" width=\"1024\" height=\"682\" src=\"https:\/\/www.radiointeractivo.com.mx\/wp-content\/uploads\/2025\/08\/WhatsApp-Image-2025-08-25-at-2.08.18-PM-1-1024x682.jpeg\" alt=\"\" class=\"wp-image-17913\" srcset=\"https:\/\/www.radiointeractivo.com.mx\/wp-content\/uploads\/2025\/08\/WhatsApp-Image-2025-08-25-at-2.08.18-PM-1-1024x682.jpeg 1024w, https:\/\/www.radiointeractivo.com.mx\/wp-content\/uploads\/2025\/08\/WhatsApp-Image-2025-08-25-at-2.08.18-PM-1-300x200.jpeg 300w, https:\/\/www.radiointeractivo.com.mx\/wp-content\/uploads\/2025\/08\/WhatsApp-Image-2025-08-25-at-2.08.18-PM-1-768x512.jpeg 768w, https:\/\/www.radiointeractivo.com.mx\/wp-content\/uploads\/2025\/08\/WhatsApp-Image-2025-08-25-at-2.08.18-PM-1-1536x1023.jpeg 1536w, https:\/\/www.radiointeractivo.com.mx\/wp-content\/uploads\/2025\/08\/WhatsApp-Image-2025-08-25-at-2.08.18-PM-1-310x205.jpeg 310w, https:\/\/www.radiointeractivo.com.mx\/wp-content\/uploads\/2025\/08\/WhatsApp-Image-2025-08-25-at-2.08.18-PM-1.jpeg 1600w\" sizes=\"auto, (max-width: 1024px) 100vw, 1024px\" \/><\/figure>\n\n\n\n<p>Por: Staff | #NuevoLaredo #Laredo #NLD #Tamaulipas<\/p>\n\n\n\n<p>Nuevo Laredo, Tamaulipas.\u2013 Con el objetivo de apoyar a las familias en la preparaci\u00f3n del ciclo escolar, el Sistema para el Desarrollo Integral de la Familia (DIF) Nuevo Laredo llevar\u00e1 a cabo la Brigada M\u00e9dica Infantil \u201cRegreso a Clases\u201d el pr\u00f3ximo mi\u00e9rcoles 27 de agosto, de 9:00 de la ma\u00f1ana a 3:00 de la tarde, en las instalaciones del organismo ubicadas en H\u00e9roe de Nacataz 2244, fraccionamiento Ojo Caliente.<\/p>\n\n\n\n<p>Durante la jornada, ni\u00f1as y ni\u00f1os podr\u00e1n acceder de manera gratuita a consultas con especialistas en neurolog\u00eda, traumatolog\u00eda, medicina general y odontolog\u00eda infantil, adem\u00e1s de otros servicios orientados a su bienestar.<\/p>\n\n\n\n<p>El director general del DIF, Viviano V\u00e1zquez Mac\u00edas, explic\u00f3 que esta brigada, organizada bajo la presidencia de Claudette Canturosas Villarreal, busca ser un respaldo a la econom\u00eda de los hogares neolaredenses. \u201cNuestro mayor deseo es que cada ni\u00f1a y ni\u00f1o de Nuevo Laredo inicie el ciclo escolar sano y con todas las atenciones que merece. Sabemos que el regreso a clases implica muchos gastos, por eso en el DIF apoyamos a las familias ofreciendo servicios m\u00e9dicos y de bienestar gratuitos, que adem\u00e1s representan un ahorro en gastos importantes, para que sus hijos regresen a la escuela saludables y con todo lo necesario para aprender\u201d, expres\u00f3.<\/p>\n\n\n\n<p>Adem\u00e1s de las consultas m\u00e9dicas, se ofrecer\u00e1n vacunaci\u00f3n, certificados m\u00e9dicos, cortes de cabello, revisi\u00f3n de peso y talla, lentes a bajo costo, atenci\u00f3n psicol\u00f3gica y asesor\u00eda jur\u00eddica familiar, entre otros apoyos.<\/p>\n\n\n\n<p>Con estas acciones, el DIF Nuevo Laredo reafirma su compromiso de brindar acompa\u00f1amiento a las familias y promover que cada estudiante inicie el ciclo escolar en las mejores condiciones de salud.<\/p>\n","protected":false},"excerpt":{"rendered":"<p>Por: Staff | #NuevoLaredo #Laredo #NLD #Tamaulipas Nuevo Laredo, Tamaulipas.\u2013 Con el objetivo de apoyar a las familias en la preparaci\u00f3n del ciclo escolar, el Sistema para el Desarrollo Integral de la Familia (DIF) Nuevo Laredo llevar\u00e1 a cabo la Brigada M\u00e9dica Infantil \u201cRegreso a Clases\u201d el pr\u00f3ximo mi\u00e9rcoles 27 de agosto, de 9:00 de &hellip;<\/p>\n","protected":false},"author":1,"featured_media":17913,"comment_status":"open","ping_status":"open","sticky":false,"template":"","format":"standard","meta":{"footnotes":""},"categories":[38],"tags":[],"class_list":["post-17912","post","type-post","status-publish","format-standard","has-post-thumbnail","","category-nuevo-laredo"],"_links":{"self":[{"href":"https:\/\/www.radiointeractivo.com.mx\/index.php?rest_route=\/wp\/v2\/posts\/17912","targetHints":{"allow":["GET"]}}],"collection":[{"href":"https:\/\/www.radiointeractivo.com.mx\/index.php?rest_route=\/wp\/v2\/posts"}],"about":[{"href":"https:\/\/www.radiointeractivo.com.mx\/index.php?rest_route=\/wp\/v2\/types\/post"}],"author":[{"embeddable":true,"href":"https:\/\/www.radiointeractivo.com.mx\/index.php?rest_route=\/wp\/v2\/users\/1"}],"replies":[{"embeddable":true,"href":"https:\/\/www.radiointeractivo.com.mx\/index.php?rest_route=%2Fwp%2Fv2%2Fcomments&post=17912"}],"version-history":[{"count":1,"href":"https:\/\/www.radiointeractivo.com.mx\/index.php?rest_route=\/wp\/v2\/posts\/17912\/revisions"}],"predecessor-version":[{"id":17914,"href":"https:\/\/www.radiointeractivo.com.mx\/index.php?rest_route=\/wp\/v2\/posts\/17912\/revisions\/17914"}],"wp:featuredmedia":[{"embeddable":true,"href":"https:\/\/www.radiointeractivo.com.mx\/index.php?rest_route=\/wp\/v2\/media\/17913"}],"wp:attachment":[{"href":"https:\/\/www.radiointeractivo.com.mx\/index.php?rest_route=%2Fwp%2Fv2%2Fmedia&parent=17912"}],"wp:term":[{"taxonomy":"category","embeddable":true,"href":"https:\/\/www.radiointeractivo.com.mx\/index.php?rest_route=%2Fwp%2Fv2%2Fcategories&post=17912"},{"taxonomy":"post_tag","embeddable":true,"href":"https:\/\/www.radiointeractivo.com.mx\/index.php?rest_route=%2Fwp%2Fv2%2Ftags&post=17912"}],"curies":[{"name":"wp","href":"https:\/\/api.w.org\/{rel}","templated":true}]}}