{"id":17909,"date":"2025-08-25T14:59:58","date_gmt":"2025-08-25T19:59:58","guid":{"rendered":"https:\/\/www.radiointeractivo.com.mx\/?p=17909"},"modified":"2025-08-25T15:00:01","modified_gmt":"2025-08-25T20:00:01","slug":"mas-de-mil-300-corredores-participan-en-la-carrera-joven-2025-en-nuevo-laredo","status":"publish","type":"post","link":"https:\/\/www.radiointeractivo.com.mx\/?p=17909","title":{"rendered":"M\u00e1s de mil 300 corredores participan en la Carrera Joven 2025 en Nuevo Laredo"},"content":{"rendered":"\n<figure class=\"wp-block-image size-large\"><img loading=\"lazy\" decoding=\"async\" width=\"1024\" height=\"684\" src=\"https:\/\/www.radiointeractivo.com.mx\/wp-content\/uploads\/2025\/08\/WhatsApp-Image-2025-08-25-at-1.32.23-PM-1024x684.jpeg\" alt=\"\" class=\"wp-image-17910\" srcset=\"https:\/\/www.radiointeractivo.com.mx\/wp-content\/uploads\/2025\/08\/WhatsApp-Image-2025-08-25-at-1.32.23-PM-1024x684.jpeg 1024w, https:\/\/www.radiointeractivo.com.mx\/wp-content\/uploads\/2025\/08\/WhatsApp-Image-2025-08-25-at-1.32.23-PM-300x200.jpeg 300w, https:\/\/www.radiointeractivo.com.mx\/wp-content\/uploads\/2025\/08\/WhatsApp-Image-2025-08-25-at-1.32.23-PM-768x513.jpeg 768w, https:\/\/www.radiointeractivo.com.mx\/wp-content\/uploads\/2025\/08\/WhatsApp-Image-2025-08-25-at-1.32.23-PM.jpeg 1079w\" sizes=\"auto, (max-width: 1024px) 100vw, 1024px\" \/><\/figure>\n\n\n\n<p>Por: Staff | #NuevoLaredo #Laredo #NLD #Tamaulipas<\/p>\n\n\n\n<p>Nuevo Laredo, Tamaulipas.\u2013 Con la participaci\u00f3n de m\u00e1s de mil 300 personas, se llev\u00f3 a cabo la Carrera Joven 2025, organizada por el Instituto Municipal para el Desarrollo de la Juventud (IMJUVE) en el marco del Mes de las Juventudes.<\/p>\n\n\n\n<p>El evento reuni\u00f3 a corredores de todas las edades, desde familias hasta deportistas experimentados, quienes participaron en la caminata de 3 kil\u00f3metros, as\u00ed como en las pruebas de 5 y 10 kil\u00f3metros, adem\u00e1s de la categor\u00eda en silla de ruedas.<\/p>\n\n\n\n<p>El recorrido estuvo acompa\u00f1ado de m\u00fasica, porras y polvos de colores que dieron un ambiente festivo a la jornada deportiva y de convivencia familiar.<\/p>\n\n\n\n<p>De acuerdo con el Gobierno Municipal, la actividad tuvo como objetivo fomentar la integraci\u00f3n, la activaci\u00f3n f\u00edsica y el bienestar comunitario, ofreciendo a la juventud un espacio de recreaci\u00f3n y participaci\u00f3n.<\/p>\n\n\n\n<p>La Carrera Joven 2025 se consolid\u00f3 como una de las actividades m\u00e1s concurridas del mes, al reunir a miles de neolaredenses en torno al deporte y la celebraci\u00f3n de la juventud.<\/p>\n","protected":false},"excerpt":{"rendered":"<p>Por: Staff | #NuevoLaredo #Laredo #NLD #Tamaulipas Nuevo Laredo, Tamaulipas.\u2013 Con la participaci\u00f3n de m\u00e1s de mil 300 personas, se llev\u00f3 a cabo la Carrera Joven 2025, organizada por el Instituto Municipal para el Desarrollo de la Juventud (IMJUVE) en el marco del Mes de las Juventudes. El evento reuni\u00f3 a corredores de todas las &hellip;<\/p>\n","protected":false},"author":1,"featured_media":17910,"comment_status":"open","ping_status":"open","sticky":false,"template":"","format":"standard","meta":{"footnotes":""},"categories":[38],"tags":[],"class_list":["post-17909","post","type-post","status-publish","format-standard","has-post-thumbnail","","category-nuevo-laredo"],"_links":{"self":[{"href":"https:\/\/www.radiointeractivo.com.mx\/index.php?rest_route=\/wp\/v2\/posts\/17909","targetHints":{"allow":["GET"]}}],"collection":[{"href":"https:\/\/www.radiointeractivo.com.mx\/index.php?rest_route=\/wp\/v2\/posts"}],"about":[{"href":"https:\/\/www.radiointeractivo.com.mx\/index.php?rest_route=\/wp\/v2\/types\/post"}],"author":[{"embeddable":true,"href":"https:\/\/www.radiointeractivo.com.mx\/index.php?rest_route=\/wp\/v2\/users\/1"}],"replies":[{"embeddable":true,"href":"https:\/\/www.radiointeractivo.com.mx\/index.php?rest_route=%2Fwp%2Fv2%2Fcomments&post=17909"}],"version-history":[{"count":1,"href":"https:\/\/www.radiointeractivo.com.mx\/index.php?rest_route=\/wp\/v2\/posts\/17909\/revisions"}],"predecessor-version":[{"id":17911,"href":"https:\/\/www.radiointeractivo.com.mx\/index.php?rest_route=\/wp\/v2\/posts\/17909\/revisions\/17911"}],"wp:featuredmedia":[{"embeddable":true,"href":"https:\/\/www.radiointeractivo.com.mx\/index.php?rest_route=\/wp\/v2\/media\/17910"}],"wp:attachment":[{"href":"https:\/\/www.radiointeractivo.com.mx\/index.php?rest_route=%2Fwp%2Fv2%2Fmedia&parent=17909"}],"wp:term":[{"taxonomy":"category","embeddable":true,"href":"https:\/\/www.radiointeractivo.com.mx\/index.php?rest_route=%2Fwp%2Fv2%2Fcategories&post=17909"},{"taxonomy":"post_tag","embeddable":true,"href":"https:\/\/www.radiointeractivo.com.mx\/index.php?rest_route=%2Fwp%2Fv2%2Ftags&post=17909"}],"curies":[{"name":"wp","href":"https:\/\/api.w.org\/{rel}","templated":true}]}}