{"id":17902,"date":"2025-08-24T14:10:49","date_gmt":"2025-08-24T19:10:49","guid":{"rendered":"https:\/\/www.radiointeractivo.com.mx\/?p=17902"},"modified":"2025-08-24T14:10:51","modified_gmt":"2025-08-24T19:10:51","slug":"carlos-canturosas-perfila-prioridades-legislativas-para-proximo-periodo-de-sesiones-en-san-lazaro","status":"publish","type":"post","link":"https:\/\/www.radiointeractivo.com.mx\/?p=17902","title":{"rendered":"Carlos Canturosas perfila prioridades legislativas para pr\u00f3ximo periodo de sesiones en San L\u00e1zaro"},"content":{"rendered":"\n<figure class=\"wp-block-image size-large\"><img loading=\"lazy\" decoding=\"async\" width=\"613\" height=\"1024\" src=\"https:\/\/www.radiointeractivo.com.mx\/wp-content\/uploads\/2025\/08\/WhatsApp-Image-2025-08-22-at-11.08.15-AM-613x1024.jpeg\" alt=\"\" class=\"wp-image-17903\" srcset=\"https:\/\/www.radiointeractivo.com.mx\/wp-content\/uploads\/2025\/08\/WhatsApp-Image-2025-08-22-at-11.08.15-AM-613x1024.jpeg 613w, https:\/\/www.radiointeractivo.com.mx\/wp-content\/uploads\/2025\/08\/WhatsApp-Image-2025-08-22-at-11.08.15-AM-180x300.jpeg 180w, https:\/\/www.radiointeractivo.com.mx\/wp-content\/uploads\/2025\/08\/WhatsApp-Image-2025-08-22-at-11.08.15-AM.jpeg 629w\" sizes=\"auto, (max-width: 613px) 100vw, 613px\" \/><\/figure>\n\n\n\n<p>Por: Staff | #NuevoLaredo #Laredo #NLD #Tamaulipas<\/p>\n\n\n\n<p>Con el inicio de septiembre, la C\u00e1mara de Diputados se prepara para enfrentar una de las agendas legislativas m\u00e1s amplias y complejas de los \u00faltimos a\u00f1os. El diputado federal Carlos Canturosas Villarreal dio a conocer parte de las iniciativas que marcar\u00e1n el rumbo del pr\u00f3ximo periodo ordinario de sesiones.<\/p>\n\n\n\n<p>\u201cEl Congreso tiene por delante una agenda muy ambiciosa que combina distintos temas, todos con gran impacto en la ciudadan\u00eda. Ser\u00e1n semanas intensas, pero tenemos gran \u00e1nimo de seguir cumpliendo con nuestra responsabilidad, siempre con compromiso, coraz\u00f3n y resultados\u201d, afirm\u00f3 el legislador tamaulipeco.<\/p>\n\n\n\n<p>Entre los proyectos en tr\u00e1mite que llegar\u00e1n a la C\u00e1mara de Diputados desde el Senado, destacan el C\u00f3digo Nacional de Procedimientos Penales, la Ley Federal contra la Delincuencia Organizada y la Ley Federal de Procedimiento Contencioso Administrativo.<\/p>\n\n\n\n<p>Tambi\u00e9n se prev\u00e9 la discusi\u00f3n de reformas a la Ley de Amparo, la Ley General contra la Extorsi\u00f3n, la Ley General de Salud (en lo referente a vapeadores), la Ley Aduanera y la Ley de Bienestar Animal.<\/p>\n\n\n\n<p>En cuanto a leyes reglamentarias derivadas de reformas constitucionales, se impulsar\u00e1n aquellas relacionadas con igualdad sustantiva entre hombres y mujeres, pueblos ind\u00edgenas y afromexicanos, \u00e1reas estrat\u00e9gicas del Estado, bienestar social, vivienda para trabajadores, protecci\u00f3n de ma\u00edces nativos, fortalecimiento de la soberan\u00eda nacional y salud.<\/p>\n\n\n\n<p>Otro punto central ser\u00e1 la discusi\u00f3n del paquete econ\u00f3mico 2026, que incluye los criterios generales de pol\u00edtica econ\u00f3mica, la Ley de Ingresos, el Presupuesto de Egresos de la Federaci\u00f3n, la Miscel\u00e1nea Fiscal y la Ley Federal de Derechos.<\/p>\n\n\n\n<p>Canturosas reiter\u00f3 que su labor legislativa se enfocar\u00e1 en mantener un trabajo cercano a la ciudadan\u00eda: \u201cNuestro compromiso es impulsar leyes que respondan a las verdaderas necesidades del pa\u00eds y garanticen bienestar, seguridad y justicia para todas y todos los mexicanos\u201d, concluy\u00f3.<\/p>\n","protected":false},"excerpt":{"rendered":"<p>Por: Staff | #NuevoLaredo #Laredo #NLD #Tamaulipas Con el inicio de septiembre, la C\u00e1mara de Diputados se prepara para enfrentar una de las agendas legislativas m\u00e1s amplias y complejas de los \u00faltimos a\u00f1os. El diputado federal Carlos Canturosas Villarreal dio a conocer parte de las iniciativas que marcar\u00e1n el rumbo del pr\u00f3ximo periodo ordinario de &hellip;<\/p>\n","protected":false},"author":1,"featured_media":17903,"comment_status":"open","ping_status":"open","sticky":false,"template":"","format":"standard","meta":{"footnotes":""},"categories":[38],"tags":[],"class_list":["post-17902","post","type-post","status-publish","format-standard","has-post-thumbnail","","category-nuevo-laredo"],"_links":{"self":[{"href":"https:\/\/www.radiointeractivo.com.mx\/index.php?rest_route=\/wp\/v2\/posts\/17902","targetHints":{"allow":["GET"]}}],"collection":[{"href":"https:\/\/www.radiointeractivo.com.mx\/index.php?rest_route=\/wp\/v2\/posts"}],"about":[{"href":"https:\/\/www.radiointeractivo.com.mx\/index.php?rest_route=\/wp\/v2\/types\/post"}],"author":[{"embeddable":true,"href":"https:\/\/www.radiointeractivo.com.mx\/index.php?rest_route=\/wp\/v2\/users\/1"}],"replies":[{"embeddable":true,"href":"https:\/\/www.radiointeractivo.com.mx\/index.php?rest_route=%2Fwp%2Fv2%2Fcomments&post=17902"}],"version-history":[{"count":1,"href":"https:\/\/www.radiointeractivo.com.mx\/index.php?rest_route=\/wp\/v2\/posts\/17902\/revisions"}],"predecessor-version":[{"id":17904,"href":"https:\/\/www.radiointeractivo.com.mx\/index.php?rest_route=\/wp\/v2\/posts\/17902\/revisions\/17904"}],"wp:featuredmedia":[{"embeddable":true,"href":"https:\/\/www.radiointeractivo.com.mx\/index.php?rest_route=\/wp\/v2\/media\/17903"}],"wp:attachment":[{"href":"https:\/\/www.radiointeractivo.com.mx\/index.php?rest_route=%2Fwp%2Fv2%2Fmedia&parent=17902"}],"wp:term":[{"taxonomy":"category","embeddable":true,"href":"https:\/\/www.radiointeractivo.com.mx\/index.php?rest_route=%2Fwp%2Fv2%2Fcategories&post=17902"},{"taxonomy":"post_tag","embeddable":true,"href":"https:\/\/www.radiointeractivo.com.mx\/index.php?rest_route=%2Fwp%2Fv2%2Ftags&post=17902"}],"curies":[{"name":"wp","href":"https:\/\/api.w.org\/{rel}","templated":true}]}}