{"id":17899,"date":"2025-08-24T13:17:47","date_gmt":"2025-08-24T18:17:47","guid":{"rendered":"https:\/\/www.radiointeractivo.com.mx\/?p=17899"},"modified":"2025-08-24T13:17:50","modified_gmt":"2025-08-24T18:17:50","slug":"invita-gobierno-municipal-a-familias-a-disfrutar-espacios-recreativos-en-el-cierre-de-vacaciones","status":"publish","type":"post","link":"https:\/\/www.radiointeractivo.com.mx\/?p=17899","title":{"rendered":"Invita Gobierno Municipal a familias a disfrutar espacios recreativos en el cierre de vacaciones"},"content":{"rendered":"\n<figure class=\"wp-block-image size-large\"><img loading=\"lazy\" decoding=\"async\" width=\"1024\" height=\"682\" src=\"https:\/\/www.radiointeractivo.com.mx\/wp-content\/uploads\/2025\/08\/WhatsApp-Image-2025-08-23-at-1.09.09-PM-1024x682.jpeg\" alt=\"\" class=\"wp-image-17900\" srcset=\"https:\/\/www.radiointeractivo.com.mx\/wp-content\/uploads\/2025\/08\/WhatsApp-Image-2025-08-23-at-1.09.09-PM-1024x682.jpeg 1024w, https:\/\/www.radiointeractivo.com.mx\/wp-content\/uploads\/2025\/08\/WhatsApp-Image-2025-08-23-at-1.09.09-PM-300x200.jpeg 300w, https:\/\/www.radiointeractivo.com.mx\/wp-content\/uploads\/2025\/08\/WhatsApp-Image-2025-08-23-at-1.09.09-PM-768x512.jpeg 768w, https:\/\/www.radiointeractivo.com.mx\/wp-content\/uploads\/2025\/08\/WhatsApp-Image-2025-08-23-at-1.09.09-PM-310x205.jpeg 310w, https:\/\/www.radiointeractivo.com.mx\/wp-content\/uploads\/2025\/08\/WhatsApp-Image-2025-08-23-at-1.09.09-PM.jpeg 1280w\" sizes=\"auto, (max-width: 1024px) 100vw, 1024px\" \/><\/figure>\n\n\n\n<p><a><\/a>Por: Staff | <a href=\"https:\/\/www.facebook.com\/hashtag\/nuevolaredo?__eep__=6&amp;__cft__[0]=AZUJH6V1anG1OMCcR3qJdlsdwPmZOPixn0twx6RZjNlxnlcS38D5zxLL_hZvEUiy3HQMcml-2NYQhFmxtrHhymjob7ZE783Y3xRaboUSxQUjowwsjA_TwVfeQ9R71taPOjvzSPToh6a9NmGOu5qFtdQAbxU1sNgIyANgTKMqSZJ2nyLG58Z3jGe5TCgnB-A5G20&amp;__tn__=*NK-R\">#NuevoLaredo<\/a><a href=\"https:\/\/www.facebook.com\/hashtag\/laredo?__eep__=6&amp;__cft__[0]=AZUJH6V1anG1OMCcR3qJdlsdwPmZOPixn0twx6RZjNlxnlcS38D5zxLL_hZvEUiy3HQMcml-2NYQhFmxtrHhymjob7ZE783Y3xRaboUSxQUjowwsjA_TwVfeQ9R71taPOjvzSPToh6a9NmGOu5qFtdQAbxU1sNgIyANgTKMqSZJ2nyLG58Z3jGe5TCgnB-A5G20&amp;__tn__=*NK-R\">#Laredo<\/a><a href=\"https:\/\/www.facebook.com\/hashtag\/nld?__eep__=6&amp;__cft__[0]=AZUJH6V1anG1OMCcR3qJdlsdwPmZOPixn0twx6RZjNlxnlcS38D5zxLL_hZvEUiy3HQMcml-2NYQhFmxtrHhymjob7ZE783Y3xRaboUSxQUjowwsjA_TwVfeQ9R71taPOjvzSPToh6a9NmGOu5qFtdQAbxU1sNgIyANgTKMqSZJ2nyLG58Z3jGe5TCgnB-A5G20&amp;__tn__=*NK-R\">#NLD<\/a><a href=\"https:\/\/www.facebook.com\/hashtag\/tamaulipas?__eep__=6&amp;__cft__[0]=AZUJH6V1anG1OMCcR3qJdlsdwPmZOPixn0twx6RZjNlxnlcS38D5zxLL_hZvEUiy3HQMcml-2NYQhFmxtrHhymjob7ZE783Y3xRaboUSxQUjowwsjA_TwVfeQ9R71taPOjvzSPToh6a9NmGOu5qFtdQAbxU1sNgIyANgTKMqSZJ2nyLG58Z3jGe5TCgnB-A5G20&amp;__tn__=*NK-R\">#Tamaulipas<\/a><\/p>\n\n\n\n<p>Nuevo Laredo, Tamaulipas.\u2013 Con el objetivo de ofrecer alternativas de sano esparcimiento durante los \u00faltimos d\u00edas de vacaciones, el Gobierno Municipal mantiene en funcionamiento diversos espacios recreativos como plazas con Pies Mojados, albercas y chapoteaderos ubicados en los sectores oriente y poniente de la ciudad.<\/p>\n\n\n\n<p>La presidenta municipal, Carmen Lilia Canturosas Villarreal, destac\u00f3 la importancia de que la comunidad aproveche estas \u00e1reas p\u00fablicas, que han sido rehabilitadas y acondicionadas para la convivencia familiar.<\/p>\n\n\n\n<p>\u201cQueremos que nuestras ni\u00f1as, ni\u00f1os, j\u00f3venes y adultos tengan lugares seguros y accesibles para refrescarse y pasarla bien en este verano. Invitamos a todas las familias de Nuevo Laredo a que disfruten de estas instalaciones que son suyas y que forman parte del esfuerzo que hacemos para mejorar la calidad de vida en nuestra ciudad\u201d, expres\u00f3.<\/p>\n\n\n\n<p>Los Pies Mojados del sector oriente, ubicados en Viveros, Polvo Enamorado, Horacio Garza, Constituyentes, Jes\u00fas Lascari y Pen\u00ednsula, funcionan de martes a viernes de 4:00 p.m. a 10:00 p.m., mientras que los fines de semana abren de 1:00 p.m. a 10:00 p.m.<\/p>\n\n\n\n<p>En el sector poniente, los Pies Mojados de Silao J. Longoria, Nueva Era, Reina de la Paz, Santa Emiliana, Solidaridad, Lomas del R\u00edo, Constitucional y Campanario operan de martes a viernes en horario de 4:00 p.m. a 10:00 p.m.<\/p>\n\n\n\n<p>Las albercas municipales Camecuaro y Margarita Maza de Ju\u00e1rez reciben a las familias de martes a domingo de 2:00 p.m. a 8:00 p.m., mientras que los chapoteaderos del Parque Viveros funcionan en el mismo horario. Por su parte, la Pen\u00ednsula abre de martes a domingo de 1:00 p.m. a 10:00 p.m.<\/p>\n\n\n\n<p>La alcaldesa asegur\u00f3 que con estas acciones, la administraci\u00f3n municipal reafirma su compromiso de brindar a la ciudadan\u00eda espacios dignos y seguros para disfrutar el periodo vacacional en un ambiente de recreaci\u00f3n y sana convivencia.<\/p>\n","protected":false},"excerpt":{"rendered":"<p>Por: Staff | #NuevoLaredo#Laredo#NLD#Tamaulipas Nuevo Laredo, Tamaulipas.\u2013 Con el objetivo de ofrecer alternativas de sano esparcimiento durante los \u00faltimos d\u00edas de vacaciones, el Gobierno Municipal mantiene en funcionamiento diversos espacios recreativos como plazas con Pies Mojados, albercas y chapoteaderos ubicados en los sectores oriente y poniente de la ciudad. La presidenta municipal, Carmen Lilia Canturosas &hellip;<\/p>\n","protected":false},"author":1,"featured_media":17900,"comment_status":"open","ping_status":"open","sticky":false,"template":"","format":"standard","meta":{"footnotes":""},"categories":[38],"tags":[],"class_list":["post-17899","post","type-post","status-publish","format-standard","has-post-thumbnail","","category-nuevo-laredo"],"_links":{"self":[{"href":"https:\/\/www.radiointeractivo.com.mx\/index.php?rest_route=\/wp\/v2\/posts\/17899","targetHints":{"allow":["GET"]}}],"collection":[{"href":"https:\/\/www.radiointeractivo.com.mx\/index.php?rest_route=\/wp\/v2\/posts"}],"about":[{"href":"https:\/\/www.radiointeractivo.com.mx\/index.php?rest_route=\/wp\/v2\/types\/post"}],"author":[{"embeddable":true,"href":"https:\/\/www.radiointeractivo.com.mx\/index.php?rest_route=\/wp\/v2\/users\/1"}],"replies":[{"embeddable":true,"href":"https:\/\/www.radiointeractivo.com.mx\/index.php?rest_route=%2Fwp%2Fv2%2Fcomments&post=17899"}],"version-history":[{"count":1,"href":"https:\/\/www.radiointeractivo.com.mx\/index.php?rest_route=\/wp\/v2\/posts\/17899\/revisions"}],"predecessor-version":[{"id":17901,"href":"https:\/\/www.radiointeractivo.com.mx\/index.php?rest_route=\/wp\/v2\/posts\/17899\/revisions\/17901"}],"wp:featuredmedia":[{"embeddable":true,"href":"https:\/\/www.radiointeractivo.com.mx\/index.php?rest_route=\/wp\/v2\/media\/17900"}],"wp:attachment":[{"href":"https:\/\/www.radiointeractivo.com.mx\/index.php?rest_route=%2Fwp%2Fv2%2Fmedia&parent=17899"}],"wp:term":[{"taxonomy":"category","embeddable":true,"href":"https:\/\/www.radiointeractivo.com.mx\/index.php?rest_route=%2Fwp%2Fv2%2Fcategories&post=17899"},{"taxonomy":"post_tag","embeddable":true,"href":"https:\/\/www.radiointeractivo.com.mx\/index.php?rest_route=%2Fwp%2Fv2%2Ftags&post=17899"}],"curies":[{"name":"wp","href":"https:\/\/api.w.org\/{rel}","templated":true}]}}