{"id":17851,"date":"2025-08-20T14:58:39","date_gmt":"2025-08-20T19:58:39","guid":{"rendered":"https:\/\/www.radiointeractivo.com.mx\/?p=17851"},"modified":"2025-08-20T14:58:41","modified_gmt":"2025-08-20T19:58:41","slug":"extienden-campana-del-escuelaton-2025-para-apoyar-a-estudiantes-en-su-regreso-a-clases","status":"publish","type":"post","link":"https:\/\/www.radiointeractivo.com.mx\/?p=17851","title":{"rendered":"Extienden campa\u00f1a del \u201cEscuelat\u00f3n 2025\u201d para apoyar a estudiantes en su regreso a clases"},"content":{"rendered":"\n<figure class=\"wp-block-image size-large\"><img loading=\"lazy\" decoding=\"async\" width=\"1024\" height=\"682\" src=\"https:\/\/www.radiointeractivo.com.mx\/wp-content\/uploads\/2025\/08\/WhatsApp-Image-2025-08-20-at-1.21.59-PM-1024x682.jpeg\" alt=\"\" class=\"wp-image-17852\" srcset=\"https:\/\/www.radiointeractivo.com.mx\/wp-content\/uploads\/2025\/08\/WhatsApp-Image-2025-08-20-at-1.21.59-PM-1024x682.jpeg 1024w, https:\/\/www.radiointeractivo.com.mx\/wp-content\/uploads\/2025\/08\/WhatsApp-Image-2025-08-20-at-1.21.59-PM-300x200.jpeg 300w, https:\/\/www.radiointeractivo.com.mx\/wp-content\/uploads\/2025\/08\/WhatsApp-Image-2025-08-20-at-1.21.59-PM-768x512.jpeg 768w, https:\/\/www.radiointeractivo.com.mx\/wp-content\/uploads\/2025\/08\/WhatsApp-Image-2025-08-20-at-1.21.59-PM-310x205.jpeg 310w, https:\/\/www.radiointeractivo.com.mx\/wp-content\/uploads\/2025\/08\/WhatsApp-Image-2025-08-20-at-1.21.59-PM.jpeg 1280w\" sizes=\"auto, (max-width: 1024px) 100vw, 1024px\" \/><\/figure>\n\n\n\n<p>Por: Staff | #NuevoLaredo #Laredo #NLD #Tamaulipas<\/p>\n\n\n\n<p>Nuevo Laredo, Tam.\u2013 El Gobierno Municipal y el Sistema para el Desarrollo Integral de la Familia (DIF) anunciaron la extensi\u00f3n de la campa\u00f1a \u201cEscuelat\u00f3n 2025\u201d, con la finalidad de reunir \u00fatiles escolares que ser\u00e1n entregados a ni\u00f1as y ni\u00f1os de familias vulnerables en el pr\u00f3ximo regreso a clases.<\/p>\n\n\n\n<p>La colecta continuar\u00e1 esta semana en distintos puntos de acopio. Los ciudadanos podr\u00e1n donar mochilas, cuadernos, l\u00e1pices, colores y dem\u00e1s material escolar en las oficinas del Sistema DIF, ubicadas en Aquiles Serd\u00e1n y H\u00e9roe de Nacataz, as\u00ed como en la Secretar\u00eda de Bienestar Social, en Maclovio Herrera entre Ju\u00e1rez y Morelos, en horario de 8:00 de la ma\u00f1ana a 3:30 de la tarde.<\/p>\n\n\n\n<p>El director general del Sistema DIF, Viviano V\u00e1zquez Mac\u00edas, agradeci\u00f3 la participaci\u00f3n de la comunidad y de los organismos que ya se sumaron a la primera jornada, realizada el pasado s\u00e1bado en la explanada del Zool\u00f3gico de Nuevo Laredo.<\/p>\n\n\n\n<p>\u201cEste Escuelat\u00f3n refleja el compromiso de la comunidad con la educaci\u00f3n y nos motiva a seguir trabajando para que m\u00e1s ni\u00f1as y ni\u00f1os tengan las herramientas necesarias para estudiar y cumplir sus sue\u00f1os\u201d, expres\u00f3.<\/p>\n\n\n\n<p>La colecta inici\u00f3 con \u00e9xito mediante la din\u00e1mica Drive Thru, en la que participaron cientos de ciudadanos, empresas, asociaciones civiles, colegios de profesionistas y organismos empresariales, quienes aportaron art\u00edculos escolares para ser distribuidos entre estudiantes en situaci\u00f3n de vulnerabilidad.<\/p>\n\n\n\n<p>El Gobierno Municipal y el Sistema DIF reiteraron su compromiso de trabajar de la mano con la sociedad para garantizar que ning\u00fan estudiante se quede sin los materiales b\u00e1sicos al comenzar el nuevo ciclo escolar.<\/p>\n","protected":false},"excerpt":{"rendered":"<p>Por: Staff | #NuevoLaredo #Laredo #NLD #Tamaulipas Nuevo Laredo, Tam.\u2013 El Gobierno Municipal y el Sistema para el Desarrollo Integral de la Familia (DIF) anunciaron la extensi\u00f3n de la campa\u00f1a \u201cEscuelat\u00f3n 2025\u201d, con la finalidad de reunir \u00fatiles escolares que ser\u00e1n entregados a ni\u00f1as y ni\u00f1os de familias vulnerables en el pr\u00f3ximo regreso a clases. &hellip;<\/p>\n","protected":false},"author":1,"featured_media":17852,"comment_status":"open","ping_status":"open","sticky":false,"template":"","format":"standard","meta":{"footnotes":""},"categories":[38],"tags":[],"class_list":["post-17851","post","type-post","status-publish","format-standard","has-post-thumbnail","","category-nuevo-laredo"],"_links":{"self":[{"href":"https:\/\/www.radiointeractivo.com.mx\/index.php?rest_route=\/wp\/v2\/posts\/17851","targetHints":{"allow":["GET"]}}],"collection":[{"href":"https:\/\/www.radiointeractivo.com.mx\/index.php?rest_route=\/wp\/v2\/posts"}],"about":[{"href":"https:\/\/www.radiointeractivo.com.mx\/index.php?rest_route=\/wp\/v2\/types\/post"}],"author":[{"embeddable":true,"href":"https:\/\/www.radiointeractivo.com.mx\/index.php?rest_route=\/wp\/v2\/users\/1"}],"replies":[{"embeddable":true,"href":"https:\/\/www.radiointeractivo.com.mx\/index.php?rest_route=%2Fwp%2Fv2%2Fcomments&post=17851"}],"version-history":[{"count":1,"href":"https:\/\/www.radiointeractivo.com.mx\/index.php?rest_route=\/wp\/v2\/posts\/17851\/revisions"}],"predecessor-version":[{"id":17853,"href":"https:\/\/www.radiointeractivo.com.mx\/index.php?rest_route=\/wp\/v2\/posts\/17851\/revisions\/17853"}],"wp:featuredmedia":[{"embeddable":true,"href":"https:\/\/www.radiointeractivo.com.mx\/index.php?rest_route=\/wp\/v2\/media\/17852"}],"wp:attachment":[{"href":"https:\/\/www.radiointeractivo.com.mx\/index.php?rest_route=%2Fwp%2Fv2%2Fmedia&parent=17851"}],"wp:term":[{"taxonomy":"category","embeddable":true,"href":"https:\/\/www.radiointeractivo.com.mx\/index.php?rest_route=%2Fwp%2Fv2%2Fcategories&post=17851"},{"taxonomy":"post_tag","embeddable":true,"href":"https:\/\/www.radiointeractivo.com.mx\/index.php?rest_route=%2Fwp%2Fv2%2Ftags&post=17851"}],"curies":[{"name":"wp","href":"https:\/\/api.w.org\/{rel}","templated":true}]}}