{"id":17848,"date":"2025-08-20T14:54:58","date_gmt":"2025-08-20T19:54:58","guid":{"rendered":"https:\/\/www.radiointeractivo.com.mx\/?p=17848"},"modified":"2025-08-20T14:55:00","modified_gmt":"2025-08-20T19:55:00","slug":"inmujer-y-ut-nuevo-laredo-firman-convenio-para-impulsar-igualdad-de-genero","status":"publish","type":"post","link":"https:\/\/www.radiointeractivo.com.mx\/?p=17848","title":{"rendered":"INMUJER y UT Nuevo Laredo firman convenio para impulsar igualdad de g\u00e9nero"},"content":{"rendered":"\n<figure class=\"wp-block-image size-large\"><img loading=\"lazy\" decoding=\"async\" width=\"1024\" height=\"682\" src=\"https:\/\/www.radiointeractivo.com.mx\/wp-content\/uploads\/2025\/08\/WhatsApp-Image-2025-08-20-at-12.44.50-PM-1024x682.jpeg\" alt=\"\" class=\"wp-image-17849\" srcset=\"https:\/\/www.radiointeractivo.com.mx\/wp-content\/uploads\/2025\/08\/WhatsApp-Image-2025-08-20-at-12.44.50-PM-1024x682.jpeg 1024w, https:\/\/www.radiointeractivo.com.mx\/wp-content\/uploads\/2025\/08\/WhatsApp-Image-2025-08-20-at-12.44.50-PM-300x200.jpeg 300w, https:\/\/www.radiointeractivo.com.mx\/wp-content\/uploads\/2025\/08\/WhatsApp-Image-2025-08-20-at-12.44.50-PM-768x512.jpeg 768w, https:\/\/www.radiointeractivo.com.mx\/wp-content\/uploads\/2025\/08\/WhatsApp-Image-2025-08-20-at-12.44.50-PM-1536x1023.jpeg 1536w, https:\/\/www.radiointeractivo.com.mx\/wp-content\/uploads\/2025\/08\/WhatsApp-Image-2025-08-20-at-12.44.50-PM-310x205.jpeg 310w, https:\/\/www.radiointeractivo.com.mx\/wp-content\/uploads\/2025\/08\/WhatsApp-Image-2025-08-20-at-12.44.50-PM.jpeg 1600w\" sizes=\"auto, (max-width: 1024px) 100vw, 1024px\" \/><\/figure>\n\n\n\n<p>Por: Staff | #NuevoLaredo #Laredo #NLD #Tamaulipas<\/p>\n\n\n\n<p>Nuevo Laredo, Tam.\u2013 El Instituto Municipal de la Mujer (INMUJER) y la Universidad Tecnol\u00f3gica de Nuevo Laredo (UT) firmaron un convenio de colaboraci\u00f3n con el prop\u00f3sito de promover la igualdad de g\u00e9nero, prevenir la violencia contra las mujeres y fortalecer el respeto a sus derechos en los \u00e1mbitos educativo y comunitario.<\/p>\n\n\n\n<p>El acuerdo permitir\u00e1 que estudiantes, docentes y personal universitario se integren a las iniciativas del INMUJER mediante actividades orientadas a la educaci\u00f3n, la empat\u00eda y el compromiso social, con el fin de contribuir a la construcci\u00f3n de una sociedad m\u00e1s justa e inclusiva.<\/p>\n\n\n\n<p>La firma fue encabezada por Jos\u00e9 Antonio Tovar Lara, rector de la UT; Cynthia Edith Canturosas Villarreal, presidenta del Consejo Consultivo de INMUJER; Cynthia Belinda Rodr\u00edguez Leija, directora del Instituto; y Mart\u00edn Cruz Arellano, director acad\u00e9mico de la universidad.<\/p>\n\n\n\n<p>Durante su mensaje, Canturosas Villarreal subray\u00f3 la importancia del convenio para la comunidad estudiantil.<\/p>\n\n\n\n<p>\u201cEs fundamental que nuestras instituciones educativas se involucren en la promoci\u00f3n de la igualdad de g\u00e9nero y en la defensa de los derechos de las mujeres. Solo trabajando juntos podremos transformar realidades y garantizar un futuro m\u00e1s seguro y equitativo para todas y todos\u201d, expres\u00f3.<\/p>\n\n\n\n<p>De acuerdo con ambas instituciones, este convenio representa un paso firme hacia la consolidaci\u00f3n de espacios educativos m\u00e1s igualitarios y solidarios, donde el respeto y la equidad se conviertan en pilares del desarrollo comunitario.<\/p>\n","protected":false},"excerpt":{"rendered":"<p>Por: Staff | #NuevoLaredo #Laredo #NLD #Tamaulipas Nuevo Laredo, Tam.\u2013 El Instituto Municipal de la Mujer (INMUJER) y la Universidad Tecnol\u00f3gica de Nuevo Laredo (UT) firmaron un convenio de colaboraci\u00f3n con el prop\u00f3sito de promover la igualdad de g\u00e9nero, prevenir la violencia contra las mujeres y fortalecer el respeto a sus derechos en los \u00e1mbitos &hellip;<\/p>\n","protected":false},"author":1,"featured_media":17849,"comment_status":"open","ping_status":"open","sticky":false,"template":"","format":"standard","meta":{"footnotes":""},"categories":[38],"tags":[],"class_list":["post-17848","post","type-post","status-publish","format-standard","has-post-thumbnail","","category-nuevo-laredo"],"_links":{"self":[{"href":"https:\/\/www.radiointeractivo.com.mx\/index.php?rest_route=\/wp\/v2\/posts\/17848","targetHints":{"allow":["GET"]}}],"collection":[{"href":"https:\/\/www.radiointeractivo.com.mx\/index.php?rest_route=\/wp\/v2\/posts"}],"about":[{"href":"https:\/\/www.radiointeractivo.com.mx\/index.php?rest_route=\/wp\/v2\/types\/post"}],"author":[{"embeddable":true,"href":"https:\/\/www.radiointeractivo.com.mx\/index.php?rest_route=\/wp\/v2\/users\/1"}],"replies":[{"embeddable":true,"href":"https:\/\/www.radiointeractivo.com.mx\/index.php?rest_route=%2Fwp%2Fv2%2Fcomments&post=17848"}],"version-history":[{"count":1,"href":"https:\/\/www.radiointeractivo.com.mx\/index.php?rest_route=\/wp\/v2\/posts\/17848\/revisions"}],"predecessor-version":[{"id":17850,"href":"https:\/\/www.radiointeractivo.com.mx\/index.php?rest_route=\/wp\/v2\/posts\/17848\/revisions\/17850"}],"wp:featuredmedia":[{"embeddable":true,"href":"https:\/\/www.radiointeractivo.com.mx\/index.php?rest_route=\/wp\/v2\/media\/17849"}],"wp:attachment":[{"href":"https:\/\/www.radiointeractivo.com.mx\/index.php?rest_route=%2Fwp%2Fv2%2Fmedia&parent=17848"}],"wp:term":[{"taxonomy":"category","embeddable":true,"href":"https:\/\/www.radiointeractivo.com.mx\/index.php?rest_route=%2Fwp%2Fv2%2Fcategories&post=17848"},{"taxonomy":"post_tag","embeddable":true,"href":"https:\/\/www.radiointeractivo.com.mx\/index.php?rest_route=%2Fwp%2Fv2%2Ftags&post=17848"}],"curies":[{"name":"wp","href":"https:\/\/api.w.org\/{rel}","templated":true}]}}