{"id":17844,"date":"2025-08-20T14:44:47","date_gmt":"2025-08-20T19:44:47","guid":{"rendered":"https:\/\/www.radiointeractivo.com.mx\/?p=17844"},"modified":"2025-08-20T14:44:49","modified_gmt":"2025-08-20T19:44:49","slug":"imjuve-reune-a-mas-de-500-asistentes-en-la-tercera-edicion-de-imjuvemania","status":"publish","type":"post","link":"https:\/\/www.radiointeractivo.com.mx\/?p=17844","title":{"rendered":"IMJUVE re\u00fane a m\u00e1s de 500 asistentes en la tercera edici\u00f3n de IMJUVEMAN\u00cdA"},"content":{"rendered":"\n<figure class=\"wp-block-image size-large\"><img loading=\"lazy\" decoding=\"async\" width=\"1024\" height=\"682\" src=\"https:\/\/www.radiointeractivo.com.mx\/wp-content\/uploads\/2025\/08\/WhatsApp-Image-2025-08-20-at-12.38.02-PM-1024x682.jpeg\" alt=\"\" class=\"wp-image-17845\" srcset=\"https:\/\/www.radiointeractivo.com.mx\/wp-content\/uploads\/2025\/08\/WhatsApp-Image-2025-08-20-at-12.38.02-PM-1024x682.jpeg 1024w, https:\/\/www.radiointeractivo.com.mx\/wp-content\/uploads\/2025\/08\/WhatsApp-Image-2025-08-20-at-12.38.02-PM-300x200.jpeg 300w, https:\/\/www.radiointeractivo.com.mx\/wp-content\/uploads\/2025\/08\/WhatsApp-Image-2025-08-20-at-12.38.02-PM-768x512.jpeg 768w, https:\/\/www.radiointeractivo.com.mx\/wp-content\/uploads\/2025\/08\/WhatsApp-Image-2025-08-20-at-12.38.02-PM-1536x1023.jpeg 1536w, https:\/\/www.radiointeractivo.com.mx\/wp-content\/uploads\/2025\/08\/WhatsApp-Image-2025-08-20-at-12.38.02-PM-310x205.jpeg 310w, https:\/\/www.radiointeractivo.com.mx\/wp-content\/uploads\/2025\/08\/WhatsApp-Image-2025-08-20-at-12.38.02-PM.jpeg 1600w\" sizes=\"auto, (max-width: 1024px) 100vw, 1024px\" \/><\/figure>\n\n\n\n<p>Por: Staff | #NuevoLaredo #Laredo #NLD #Tamaulipas<\/p>\n\n\n\n<p>Nuevo Laredo, Tam.\u2013 Con la asistencia de m\u00e1s de 500 personas, el Instituto Municipal para el Desarrollo de la Juventud (IMJUVE) celebr\u00f3 con \u00e9xito la tercera edici\u00f3n de IMJUVEMAN\u00cdA, un espect\u00e1culo gratuito de lucha libre que tuvo lugar en la Plaza de la Avenida Iglesias Calder\u00f3n, en la colonia Francisco Villa.<\/p>\n\n\n\n<p>El evento form\u00f3 parte de las actividades del Mes de las Juventudes y tuvo como momento destacado la inauguraci\u00f3n del Campeonato Juvenil de Nuevo Laredo, el cual se disput\u00f3 en una intensa Batalla Campal con la participaci\u00f3n de 10 luchadores locales.<\/p>\n\n\n\n<p>La cartelera incluy\u00f3 cinco combates en total, donde se defendieron t\u00edtulos de car\u00e1cter binacional, entre ellos los campeonatos de Laredo, Texas, de la empresa Lucha Maniaks, as\u00ed como los de la Selecci\u00f3n Estatal de Lucha Libre (SELL), brindando al p\u00fablico un espect\u00e1culo cargado de energ\u00eda y emoci\u00f3n.<\/p>\n\n\n\n<p>De manera complementaria, se instal\u00f3 un Bazar Joven, en el que m\u00e1s de 25 emprendedores neolaredenses exhibieron y comercializaron sus productos, ofreciendo un espacio de impulso al talento y la creatividad local.<\/p>\n\n\n\n<p>El Gobierno Municipal, a trav\u00e9s del IMJUVE, resalt\u00f3 que estas actividades buscan \u201cfortalecer la integraci\u00f3n comunitaria, promover el deporte, la sana convivencia y dar un espacio de proyecci\u00f3n a los talentos j\u00f3venes de Nuevo Laredo\u201d, reafirmando as\u00ed el compromiso con el desarrollo integral de la juventud de la ciudad.<\/p>\n","protected":false},"excerpt":{"rendered":"<p>Por: Staff | #NuevoLaredo #Laredo #NLD #Tamaulipas Nuevo Laredo, Tam.\u2013 Con la asistencia de m\u00e1s de 500 personas, el Instituto Municipal para el Desarrollo de la Juventud (IMJUVE) celebr\u00f3 con \u00e9xito la tercera edici\u00f3n de IMJUVEMAN\u00cdA, un espect\u00e1culo gratuito de lucha libre que tuvo lugar en la Plaza de la Avenida Iglesias Calder\u00f3n, en la &hellip;<\/p>\n","protected":false},"author":1,"featured_media":17846,"comment_status":"open","ping_status":"open","sticky":false,"template":"","format":"standard","meta":{"footnotes":""},"categories":[38],"tags":[],"class_list":["post-17844","post","type-post","status-publish","format-standard","has-post-thumbnail","","category-nuevo-laredo"],"_links":{"self":[{"href":"https:\/\/www.radiointeractivo.com.mx\/index.php?rest_route=\/wp\/v2\/posts\/17844","targetHints":{"allow":["GET"]}}],"collection":[{"href":"https:\/\/www.radiointeractivo.com.mx\/index.php?rest_route=\/wp\/v2\/posts"}],"about":[{"href":"https:\/\/www.radiointeractivo.com.mx\/index.php?rest_route=\/wp\/v2\/types\/post"}],"author":[{"embeddable":true,"href":"https:\/\/www.radiointeractivo.com.mx\/index.php?rest_route=\/wp\/v2\/users\/1"}],"replies":[{"embeddable":true,"href":"https:\/\/www.radiointeractivo.com.mx\/index.php?rest_route=%2Fwp%2Fv2%2Fcomments&post=17844"}],"version-history":[{"count":1,"href":"https:\/\/www.radiointeractivo.com.mx\/index.php?rest_route=\/wp\/v2\/posts\/17844\/revisions"}],"predecessor-version":[{"id":17847,"href":"https:\/\/www.radiointeractivo.com.mx\/index.php?rest_route=\/wp\/v2\/posts\/17844\/revisions\/17847"}],"wp:featuredmedia":[{"embeddable":true,"href":"https:\/\/www.radiointeractivo.com.mx\/index.php?rest_route=\/wp\/v2\/media\/17846"}],"wp:attachment":[{"href":"https:\/\/www.radiointeractivo.com.mx\/index.php?rest_route=%2Fwp%2Fv2%2Fmedia&parent=17844"}],"wp:term":[{"taxonomy":"category","embeddable":true,"href":"https:\/\/www.radiointeractivo.com.mx\/index.php?rest_route=%2Fwp%2Fv2%2Fcategories&post=17844"},{"taxonomy":"post_tag","embeddable":true,"href":"https:\/\/www.radiointeractivo.com.mx\/index.php?rest_route=%2Fwp%2Fv2%2Ftags&post=17844"}],"curies":[{"name":"wp","href":"https:\/\/api.w.org\/{rel}","templated":true}]}}