{"id":17834,"date":"2025-08-19T15:24:08","date_gmt":"2025-08-19T20:24:08","guid":{"rendered":"https:\/\/www.radiointeractivo.com.mx\/?p=17834"},"modified":"2025-08-19T15:24:10","modified_gmt":"2025-08-19T20:24:10","slug":"dif-nuevo-laredo-organiza-brigada-de-salud-y-servicios-para-adultos-mayores","status":"publish","type":"post","link":"https:\/\/www.radiointeractivo.com.mx\/?p=17834","title":{"rendered":"DIF Nuevo Laredo organiza brigada de salud y servicios para adultos mayores"},"content":{"rendered":"\n<figure class=\"wp-block-image size-large\"><img loading=\"lazy\" decoding=\"async\" width=\"1024\" height=\"682\" src=\"https:\/\/www.radiointeractivo.com.mx\/wp-content\/uploads\/2025\/08\/WhatsApp-Image-2025-08-19-at-3.00.40-PM-1024x682.jpeg\" alt=\"\" class=\"wp-image-17835\" srcset=\"https:\/\/www.radiointeractivo.com.mx\/wp-content\/uploads\/2025\/08\/WhatsApp-Image-2025-08-19-at-3.00.40-PM-1024x682.jpeg 1024w, https:\/\/www.radiointeractivo.com.mx\/wp-content\/uploads\/2025\/08\/WhatsApp-Image-2025-08-19-at-3.00.40-PM-300x200.jpeg 300w, https:\/\/www.radiointeractivo.com.mx\/wp-content\/uploads\/2025\/08\/WhatsApp-Image-2025-08-19-at-3.00.40-PM-768x512.jpeg 768w, https:\/\/www.radiointeractivo.com.mx\/wp-content\/uploads\/2025\/08\/WhatsApp-Image-2025-08-19-at-3.00.40-PM-310x205.jpeg 310w, https:\/\/www.radiointeractivo.com.mx\/wp-content\/uploads\/2025\/08\/WhatsApp-Image-2025-08-19-at-3.00.40-PM.jpeg 1280w\" sizes=\"auto, (max-width: 1024px) 100vw, 1024px\" \/><\/figure>\n\n\n\n<p>Por: Staff | #NuevoLaredo #Laredo #NLD #Tamaulipas<\/p>\n\n\n\n<p>Nuevo Laredo, Tam.- En el marco del D\u00eda del Adulto Mayor, el Sistema para el Desarrollo Integral de la Familia (DIF) Nuevo Laredo anunci\u00f3 la realizaci\u00f3n de una brigada especial de salud y servicios dirigida a personas mayores de 60 a\u00f1os.<\/p>\n\n\n\n<p>La jornada se llevar\u00e1 a cabo el viernes 22 de agosto, de 9:00 de la ma\u00f1ana a 3:00 de la tarde, en la Casa Club del Adulto Activo, ubicada en Laguna del Norte y Lago de Chapala.<\/p>\n\n\n\n<p>La presidenta del DIF, Claudette Canturosas Villarreal, se\u00f1al\u00f3 que la actividad busca brindar atenci\u00f3n integral y gratuita que contribuya a mejorar la calidad de vida de este sector. \u201cQueremos brindarles atenciones que fortalezcan su salud y su bienestar, porque ellos son ejemplo de amor, trabajo y entrega; es nuestro deber acompa\u00f1arlos y agradecerles todo lo que han dado a Nuevo Laredo\u201d, expres\u00f3.<\/p>\n\n\n\n<p>Durante la brigada, los asistentes podr\u00e1n acceder a consultas m\u00e9dicas con especialistas en geriatr\u00eda, neurolog\u00eda, traumatolog\u00eda, urolog\u00eda, medicina general y odontolog\u00eda. Tambi\u00e9n se ofrecer\u00e1n estudios de diagn\u00f3stico como electrocardiogramas, densitometr\u00edas, ultrasonidos, as\u00ed como chequeos preventivos de glucosa y presi\u00f3n arterial, acompa\u00f1ados de orientaci\u00f3n nutricional.<\/p>\n\n\n\n<p>De manera adicional, se otorgar\u00e1n citas para mastograf\u00eda, lentes a bajo costo, asesor\u00eda jur\u00eddica gratuita por parte de la Procuradur\u00eda del Adulto Mayor y atenci\u00f3n psicol\u00f3gica. La jornada incluir\u00e1 tambi\u00e9n vacunaci\u00f3n, cortes de cabello, inscripci\u00f3n a talleres de la Casa Club y un m\u00f3dulo especial para tramitar la tarjeta del INAPAM, disponible \u00fanicamente ese d\u00eda.<\/p>\n\n\n\n<p>El DIF Nuevo Laredo reiter\u00f3 la invitaci\u00f3n a las y los adultos mayores a participar en esta brigada, que adem\u00e1s de acercar servicios gratuitos, busca ser un espacio de encuentro y reconocimiento hacia quienes forman parte esencial de la comunidad.<\/p>\n","protected":false},"excerpt":{"rendered":"<p>Por: Staff | #NuevoLaredo #Laredo #NLD #Tamaulipas Nuevo Laredo, Tam.- En el marco del D\u00eda del Adulto Mayor, el Sistema para el Desarrollo Integral de la Familia (DIF) Nuevo Laredo anunci\u00f3 la realizaci\u00f3n de una brigada especial de salud y servicios dirigida a personas mayores de 60 a\u00f1os. La jornada se llevar\u00e1 a cabo el &hellip;<\/p>\n","protected":false},"author":1,"featured_media":17835,"comment_status":"open","ping_status":"open","sticky":false,"template":"","format":"standard","meta":{"footnotes":""},"categories":[38],"tags":[],"class_list":["post-17834","post","type-post","status-publish","format-standard","has-post-thumbnail","","category-nuevo-laredo"],"_links":{"self":[{"href":"https:\/\/www.radiointeractivo.com.mx\/index.php?rest_route=\/wp\/v2\/posts\/17834","targetHints":{"allow":["GET"]}}],"collection":[{"href":"https:\/\/www.radiointeractivo.com.mx\/index.php?rest_route=\/wp\/v2\/posts"}],"about":[{"href":"https:\/\/www.radiointeractivo.com.mx\/index.php?rest_route=\/wp\/v2\/types\/post"}],"author":[{"embeddable":true,"href":"https:\/\/www.radiointeractivo.com.mx\/index.php?rest_route=\/wp\/v2\/users\/1"}],"replies":[{"embeddable":true,"href":"https:\/\/www.radiointeractivo.com.mx\/index.php?rest_route=%2Fwp%2Fv2%2Fcomments&post=17834"}],"version-history":[{"count":1,"href":"https:\/\/www.radiointeractivo.com.mx\/index.php?rest_route=\/wp\/v2\/posts\/17834\/revisions"}],"predecessor-version":[{"id":17836,"href":"https:\/\/www.radiointeractivo.com.mx\/index.php?rest_route=\/wp\/v2\/posts\/17834\/revisions\/17836"}],"wp:featuredmedia":[{"embeddable":true,"href":"https:\/\/www.radiointeractivo.com.mx\/index.php?rest_route=\/wp\/v2\/media\/17835"}],"wp:attachment":[{"href":"https:\/\/www.radiointeractivo.com.mx\/index.php?rest_route=%2Fwp%2Fv2%2Fmedia&parent=17834"}],"wp:term":[{"taxonomy":"category","embeddable":true,"href":"https:\/\/www.radiointeractivo.com.mx\/index.php?rest_route=%2Fwp%2Fv2%2Fcategories&post=17834"},{"taxonomy":"post_tag","embeddable":true,"href":"https:\/\/www.radiointeractivo.com.mx\/index.php?rest_route=%2Fwp%2Fv2%2Ftags&post=17834"}],"curies":[{"name":"wp","href":"https:\/\/api.w.org\/{rel}","templated":true}]}}