{"id":17817,"date":"2025-08-18T21:38:40","date_gmt":"2025-08-19T02:38:40","guid":{"rendered":"https:\/\/www.radiointeractivo.com.mx\/?p=17817"},"modified":"2025-08-18T21:38:41","modified_gmt":"2025-08-19T02:38:41","slug":"familias-de-nuevo-laredo-aprovechan-el-bazar-back-to-school-para-surtir-lista-de-utiles-escolares","status":"publish","type":"post","link":"https:\/\/www.radiointeractivo.com.mx\/?p=17817","title":{"rendered":"Familias de Nuevo Laredo aprovechan el Bazar Back to School para surtir lista de \u00fatiles escolares"},"content":{"rendered":"\n<figure class=\"wp-block-image size-large\"><img loading=\"lazy\" decoding=\"async\" width=\"1024\" height=\"684\" src=\"https:\/\/www.radiointeractivo.com.mx\/wp-content\/uploads\/2025\/08\/WhatsApp-Image-2025-08-18-at-2.07.48-PM-1-1024x684.jpeg\" alt=\"\" class=\"wp-image-17818\" srcset=\"https:\/\/www.radiointeractivo.com.mx\/wp-content\/uploads\/2025\/08\/WhatsApp-Image-2025-08-18-at-2.07.48-PM-1-1024x684.jpeg 1024w, https:\/\/www.radiointeractivo.com.mx\/wp-content\/uploads\/2025\/08\/WhatsApp-Image-2025-08-18-at-2.07.48-PM-1-300x200.jpeg 300w, https:\/\/www.radiointeractivo.com.mx\/wp-content\/uploads\/2025\/08\/WhatsApp-Image-2025-08-18-at-2.07.48-PM-1-768x513.jpeg 768w, https:\/\/www.radiointeractivo.com.mx\/wp-content\/uploads\/2025\/08\/WhatsApp-Image-2025-08-18-at-2.07.48-PM-1.jpeg 1423w\" sizes=\"auto, (max-width: 1024px) 100vw, 1024px\" \/><\/figure>\n\n\n\n<p>Por: Staff | #NuevoLaredo #Laredo #NLD #Tamaulipas<\/p>\n\n\n\n<p>El Centro C\u00edvico de Nuevo Laredo fue sede del Bazar Back to School, organizado por la Secretar\u00eda de Bienestar Social, donde decenas de familias realizaron sus compras de regreso a clases y, al mismo tiempo, apoyaron a emprendedores locales.<\/p>\n\n\n\n<p>En el lugar se instalaron comerciantes que ofrecieron una amplia variedad de art\u00edculos escolares, entre ellos mochilas, loncheras, l\u00e1pices, colores, marcadores, termos, uniformes, calzado y accesorios, con el objetivo de cubrir las necesidades de ni\u00f1as, ni\u00f1os y j\u00f3venes para el inicio del ciclo escolar.<\/p>\n\n\n\n<p>Los asistentes destacaron la ventaja de encontrar precios bajos y ofertas especiales que contribuyeron a cuidar la econom\u00eda familiar.<\/p>\n\n\n\n<p>La secretaria de Bienestar Social, Liliana Arjona Barocio, subray\u00f3 los beneficios de esta iniciativa. \u201cEste Bazar Back to School refleja el compromiso de apoyar a las familias neolaredenses en un momento clave del a\u00f1o, pero tambi\u00e9n de impulsar a nuestros emprendedores locales, que son el motor de la econom\u00eda de nuestra ciudad\u201d, expres\u00f3.<\/p>\n\n\n\n<p>Con actividades como esta, el Gobierno Municipal busca fomentar el consumo local y generar espacios de oportunidad para los emprendedores, al mismo tiempo que brinda alternativas accesibles a la ciudadan\u00eda.<\/p>\n","protected":false},"excerpt":{"rendered":"<p>Por: Staff | #NuevoLaredo #Laredo #NLD #Tamaulipas El Centro C\u00edvico de Nuevo Laredo fue sede del Bazar Back to School, organizado por la Secretar\u00eda de Bienestar Social, donde decenas de familias realizaron sus compras de regreso a clases y, al mismo tiempo, apoyaron a emprendedores locales. En el lugar se instalaron comerciantes que ofrecieron una &hellip;<\/p>\n","protected":false},"author":1,"featured_media":17818,"comment_status":"open","ping_status":"open","sticky":false,"template":"","format":"standard","meta":{"footnotes":""},"categories":[38],"tags":[],"class_list":["post-17817","post","type-post","status-publish","format-standard","has-post-thumbnail","","category-nuevo-laredo"],"_links":{"self":[{"href":"https:\/\/www.radiointeractivo.com.mx\/index.php?rest_route=\/wp\/v2\/posts\/17817","targetHints":{"allow":["GET"]}}],"collection":[{"href":"https:\/\/www.radiointeractivo.com.mx\/index.php?rest_route=\/wp\/v2\/posts"}],"about":[{"href":"https:\/\/www.radiointeractivo.com.mx\/index.php?rest_route=\/wp\/v2\/types\/post"}],"author":[{"embeddable":true,"href":"https:\/\/www.radiointeractivo.com.mx\/index.php?rest_route=\/wp\/v2\/users\/1"}],"replies":[{"embeddable":true,"href":"https:\/\/www.radiointeractivo.com.mx\/index.php?rest_route=%2Fwp%2Fv2%2Fcomments&post=17817"}],"version-history":[{"count":1,"href":"https:\/\/www.radiointeractivo.com.mx\/index.php?rest_route=\/wp\/v2\/posts\/17817\/revisions"}],"predecessor-version":[{"id":17819,"href":"https:\/\/www.radiointeractivo.com.mx\/index.php?rest_route=\/wp\/v2\/posts\/17817\/revisions\/17819"}],"wp:featuredmedia":[{"embeddable":true,"href":"https:\/\/www.radiointeractivo.com.mx\/index.php?rest_route=\/wp\/v2\/media\/17818"}],"wp:attachment":[{"href":"https:\/\/www.radiointeractivo.com.mx\/index.php?rest_route=%2Fwp%2Fv2%2Fmedia&parent=17817"}],"wp:term":[{"taxonomy":"category","embeddable":true,"href":"https:\/\/www.radiointeractivo.com.mx\/index.php?rest_route=%2Fwp%2Fv2%2Fcategories&post=17817"},{"taxonomy":"post_tag","embeddable":true,"href":"https:\/\/www.radiointeractivo.com.mx\/index.php?rest_route=%2Fwp%2Fv2%2Ftags&post=17817"}],"curies":[{"name":"wp","href":"https:\/\/api.w.org\/{rel}","templated":true}]}}