{"id":17813,"date":"2025-08-18T16:09:24","date_gmt":"2025-08-18T21:09:24","guid":{"rendered":"https:\/\/www.radiointeractivo.com.mx\/?p=17813"},"modified":"2025-08-18T16:09:26","modified_gmt":"2025-08-18T21:09:26","slug":"concurso-de-karaoke-anima-al-mercado-maclovio-herrera","status":"publish","type":"post","link":"https:\/\/www.radiointeractivo.com.mx\/?p=17813","title":{"rendered":"Concurso de karaoke anima al Mercado Maclovio Herrera"},"content":{"rendered":"\n<figure class=\"wp-block-image size-large\"><img loading=\"lazy\" decoding=\"async\" width=\"1024\" height=\"768\" src=\"https:\/\/www.radiointeractivo.com.mx\/wp-content\/uploads\/2025\/08\/WhatsApp-Image-2025-08-18-at-2.06.50-PM-1024x768.jpeg\" alt=\"\" class=\"wp-image-17814\" srcset=\"https:\/\/www.radiointeractivo.com.mx\/wp-content\/uploads\/2025\/08\/WhatsApp-Image-2025-08-18-at-2.06.50-PM-1024x768.jpeg 1024w, https:\/\/www.radiointeractivo.com.mx\/wp-content\/uploads\/2025\/08\/WhatsApp-Image-2025-08-18-at-2.06.50-PM-300x225.jpeg 300w, https:\/\/www.radiointeractivo.com.mx\/wp-content\/uploads\/2025\/08\/WhatsApp-Image-2025-08-18-at-2.06.50-PM-768x576.jpeg 768w, https:\/\/www.radiointeractivo.com.mx\/wp-content\/uploads\/2025\/08\/WhatsApp-Image-2025-08-18-at-2.06.50-PM-1536x1152.jpeg 1536w, https:\/\/www.radiointeractivo.com.mx\/wp-content\/uploads\/2025\/08\/WhatsApp-Image-2025-08-18-at-2.06.50-PM.jpeg 1600w\" sizes=\"auto, (max-width: 1024px) 100vw, 1024px\" \/><\/figure>\n\n\n\n<p>Por: Staff | #NuevoLaredo #Laredo #NLD #Tamaulipas<\/p>\n\n\n\n<p>El Mercado Maclovio Herrera se convirti\u00f3 en escenario de m\u00fasica y convivencia con la cuarta jornada del concurso \u201cCantando en el Mercado\u201d, actividad organizada por la Direcci\u00f3n de Turismo del Gobierno Municipal.<\/p>\n\n\n\n<p>Ciudadanos de distintas edades participaron en esta din\u00e1mica que, de acuerdo con la dependencia, se ha consolidado como una de las actividades culturales m\u00e1s esperadas en el mercado.<\/p>\n\n\n\n<p>Las familias asistentes disfrutaron de un ambiente de entretenimiento y alegr\u00eda, donde cada concursante comparti\u00f3 su voz y energ\u00eda, llenando de vida el tradicional espacio.<\/p>\n\n\n\n<p>La Direcci\u00f3n de Turismo destac\u00f3 que el concurso busca impulsar el talento art\u00edstico local y fortalecer la convivencia comunitaria, al convertir al mercado en un punto de encuentro para la cultura y la sana diversi\u00f3n. \u201cEstos espacios contribuyen a revalorar la importancia de la m\u00fasica como elemento de identidad y uni\u00f3n social\u201d, se\u00f1al\u00f3 la dependencia.<\/p>\n\n\n\n<p>La pr\u00f3xima jornada del concurso mantiene la expectativa de repetir el \u00e9xito de las ediciones anteriores, con el compromiso del Gobierno Municipal de seguir ofreciendo actividades que reconozcan y promuevan la creatividad y el talento local.<\/p>\n","protected":false},"excerpt":{"rendered":"<p>Por: Staff | #NuevoLaredo #Laredo #NLD #Tamaulipas El Mercado Maclovio Herrera se convirti\u00f3 en escenario de m\u00fasica y convivencia con la cuarta jornada del concurso \u201cCantando en el Mercado\u201d, actividad organizada por la Direcci\u00f3n de Turismo del Gobierno Municipal. Ciudadanos de distintas edades participaron en esta din\u00e1mica que, de acuerdo con la dependencia, se ha &hellip;<\/p>\n","protected":false},"author":1,"featured_media":17814,"comment_status":"open","ping_status":"open","sticky":false,"template":"","format":"standard","meta":{"footnotes":""},"categories":[38],"tags":[],"class_list":["post-17813","post","type-post","status-publish","format-standard","has-post-thumbnail","","category-nuevo-laredo"],"_links":{"self":[{"href":"https:\/\/www.radiointeractivo.com.mx\/index.php?rest_route=\/wp\/v2\/posts\/17813","targetHints":{"allow":["GET"]}}],"collection":[{"href":"https:\/\/www.radiointeractivo.com.mx\/index.php?rest_route=\/wp\/v2\/posts"}],"about":[{"href":"https:\/\/www.radiointeractivo.com.mx\/index.php?rest_route=\/wp\/v2\/types\/post"}],"author":[{"embeddable":true,"href":"https:\/\/www.radiointeractivo.com.mx\/index.php?rest_route=\/wp\/v2\/users\/1"}],"replies":[{"embeddable":true,"href":"https:\/\/www.radiointeractivo.com.mx\/index.php?rest_route=%2Fwp%2Fv2%2Fcomments&post=17813"}],"version-history":[{"count":1,"href":"https:\/\/www.radiointeractivo.com.mx\/index.php?rest_route=\/wp\/v2\/posts\/17813\/revisions"}],"predecessor-version":[{"id":17815,"href":"https:\/\/www.radiointeractivo.com.mx\/index.php?rest_route=\/wp\/v2\/posts\/17813\/revisions\/17815"}],"wp:featuredmedia":[{"embeddable":true,"href":"https:\/\/www.radiointeractivo.com.mx\/index.php?rest_route=\/wp\/v2\/media\/17814"}],"wp:attachment":[{"href":"https:\/\/www.radiointeractivo.com.mx\/index.php?rest_route=%2Fwp%2Fv2%2Fmedia&parent=17813"}],"wp:term":[{"taxonomy":"category","embeddable":true,"href":"https:\/\/www.radiointeractivo.com.mx\/index.php?rest_route=%2Fwp%2Fv2%2Fcategories&post=17813"},{"taxonomy":"post_tag","embeddable":true,"href":"https:\/\/www.radiointeractivo.com.mx\/index.php?rest_route=%2Fwp%2Fv2%2Ftags&post=17813"}],"curies":[{"name":"wp","href":"https:\/\/api.w.org\/{rel}","templated":true}]}}