{"id":17776,"date":"2025-08-18T16:04:21","date_gmt":"2025-08-18T21:04:21","guid":{"rendered":"https:\/\/www.radiointeractivo.com.mx\/?p=17776"},"modified":"2025-08-18T16:04:23","modified_gmt":"2025-08-18T21:04:23","slug":"nuevo-laredo-ratifica-calificacion-aaa-nacional-y-obtiene-por-primera-vez-evaluacion-internacional-con-fitch-ratings","status":"publish","type":"post","link":"https:\/\/www.radiointeractivo.com.mx\/?p=17776","title":{"rendered":"Nuevo Laredo ratifica calificaci\u00f3n \u201cAAA\u201d nacional y obtiene por primera vez evaluaci\u00f3n internacional con Fitch Ratings"},"content":{"rendered":"\n<figure class=\"wp-block-image size-large\"><img loading=\"lazy\" decoding=\"async\" width=\"1024\" height=\"682\" src=\"https:\/\/www.radiointeractivo.com.mx\/wp-content\/uploads\/2025\/08\/WhatsApp-Image-2025-08-18-at-11.53.11-AM-1024x682.jpeg\" alt=\"\" class=\"wp-image-17811\" srcset=\"https:\/\/www.radiointeractivo.com.mx\/wp-content\/uploads\/2025\/08\/WhatsApp-Image-2025-08-18-at-11.53.11-AM-1024x682.jpeg 1024w, https:\/\/www.radiointeractivo.com.mx\/wp-content\/uploads\/2025\/08\/WhatsApp-Image-2025-08-18-at-11.53.11-AM-300x200.jpeg 300w, https:\/\/www.radiointeractivo.com.mx\/wp-content\/uploads\/2025\/08\/WhatsApp-Image-2025-08-18-at-11.53.11-AM-768x512.jpeg 768w, https:\/\/www.radiointeractivo.com.mx\/wp-content\/uploads\/2025\/08\/WhatsApp-Image-2025-08-18-at-11.53.11-AM-310x205.jpeg 310w, https:\/\/www.radiointeractivo.com.mx\/wp-content\/uploads\/2025\/08\/WhatsApp-Image-2025-08-18-at-11.53.11-AM.jpeg 1280w\" sizes=\"auto, (max-width: 1024px) 100vw, 1024px\" \/><\/figure>\n\n\n\n<p>Por: Staff | #NuevoLaredo #Laredo #NLD #Tamaulipas<\/p>\n\n\n\n<p>Por tercer a\u00f1o consecutivo, la agencia calificadora Fitch Ratings otorg\u00f3 a Nuevo Laredo la calificaci\u00f3n nacional de largo plazo \u201cAAA\u201d, la m\u00e1s alta que se concede en M\u00e9xico y que solo un n\u00famero reducido de municipios posee.<\/p>\n\n\n\n<p>En 2025, adem\u00e1s de refrendar su solidez en la escala nacional, la ciudad se someti\u00f3 por primera vez a una evaluaci\u00f3n internacional, alcanzando la calificaci\u00f3n de \u201cBBB\u201d. De acuerdo con la metodolog\u00eda de la calificadora, esta nota se encuentra limitada por la calificaci\u00f3n soberana del Gobierno Federal, ya que ning\u00fan municipio puede superar dicho rango.<\/p>\n\n\n\n<p>La presidenta municipal, Carmen Lilia Canturosas Villarreal, se\u00f1al\u00f3 que este reconocimiento refleja el manejo responsable de las finanzas y la confianza que genera el municipio. \u201cHoy demostramos que Nuevo Laredo no solo es referente en M\u00e9xico, sino que ya tiene un lugar en el escenario internacional. Esta fortaleza financiera es una garant\u00eda de confianza para nuestra gente y para quienes ven en nuestra ciudad un espacio seguro para invertir y crecer\u201d, afirm\u00f3.<\/p>\n\n\n\n<p>En cuanto al perfil crediticio individual, Fitch Ratings asign\u00f3 a Nuevo Laredo la calificaci\u00f3n \u201cA+\u201d, con lo que se ubica en el segundo lugar a nivel nacional, solo por debajo de San Pedro Garza Garc\u00eda. Este resultado lo coloca por encima de municipios como Quer\u00e9taro (Corregidora y El Marqu\u00e9s), Puebla, Saltillo, Chihuahua, Zapopan, Irapuato y Apodaca.<\/p>\n\n\n\n<p>La calificadora destac\u00f3 que, en el plano internacional, la solidez financiera de Nuevo Laredo es comparable con ciudades como Poznan, en Polonia, y Niter\u00f3i, en Brasil.<\/p>\n\n\n\n<p>Con esta ratificaci\u00f3n y su incursi\u00f3n en las evaluaciones globales, la administraci\u00f3n municipal considera que se abre una nueva etapa para atraer inversiones y consolidar a la ciudad como un referente de estabilidad en la frontera norte.<\/p>\n","protected":false},"excerpt":{"rendered":"<p>Por: Staff | #NuevoLaredo #Laredo #NLD #Tamaulipas Por tercer a\u00f1o consecutivo, la agencia calificadora Fitch Ratings otorg\u00f3 a Nuevo Laredo la calificaci\u00f3n nacional de largo plazo \u201cAAA\u201d, la m\u00e1s alta que se concede en M\u00e9xico y que solo un n\u00famero reducido de municipios posee. En 2025, adem\u00e1s de refrendar su solidez en la escala nacional, &hellip;<\/p>\n","protected":false},"author":1,"featured_media":17811,"comment_status":"open","ping_status":"open","sticky":false,"template":"","format":"standard","meta":{"footnotes":""},"categories":[38],"tags":[],"class_list":["post-17776","post","type-post","status-publish","format-standard","has-post-thumbnail","","category-nuevo-laredo"],"_links":{"self":[{"href":"https:\/\/www.radiointeractivo.com.mx\/index.php?rest_route=\/wp\/v2\/posts\/17776","targetHints":{"allow":["GET"]}}],"collection":[{"href":"https:\/\/www.radiointeractivo.com.mx\/index.php?rest_route=\/wp\/v2\/posts"}],"about":[{"href":"https:\/\/www.radiointeractivo.com.mx\/index.php?rest_route=\/wp\/v2\/types\/post"}],"author":[{"embeddable":true,"href":"https:\/\/www.radiointeractivo.com.mx\/index.php?rest_route=\/wp\/v2\/users\/1"}],"replies":[{"embeddable":true,"href":"https:\/\/www.radiointeractivo.com.mx\/index.php?rest_route=%2Fwp%2Fv2%2Fcomments&post=17776"}],"version-history":[{"count":1,"href":"https:\/\/www.radiointeractivo.com.mx\/index.php?rest_route=\/wp\/v2\/posts\/17776\/revisions"}],"predecessor-version":[{"id":17812,"href":"https:\/\/www.radiointeractivo.com.mx\/index.php?rest_route=\/wp\/v2\/posts\/17776\/revisions\/17812"}],"wp:featuredmedia":[{"embeddable":true,"href":"https:\/\/www.radiointeractivo.com.mx\/index.php?rest_route=\/wp\/v2\/media\/17811"}],"wp:attachment":[{"href":"https:\/\/www.radiointeractivo.com.mx\/index.php?rest_route=%2Fwp%2Fv2%2Fmedia&parent=17776"}],"wp:term":[{"taxonomy":"category","embeddable":true,"href":"https:\/\/www.radiointeractivo.com.mx\/index.php?rest_route=%2Fwp%2Fv2%2Fcategories&post=17776"},{"taxonomy":"post_tag","embeddable":true,"href":"https:\/\/www.radiointeractivo.com.mx\/index.php?rest_route=%2Fwp%2Fv2%2Ftags&post=17776"}],"curies":[{"name":"wp","href":"https:\/\/api.w.org\/{rel}","templated":true}]}}