{"id":17772,"date":"2025-08-17T21:40:19","date_gmt":"2025-08-18T02:40:19","guid":{"rendered":"https:\/\/www.radiointeractivo.com.mx\/?p=17772"},"modified":"2025-08-17T21:40:21","modified_gmt":"2025-08-18T02:40:21","slug":"reconocen-a-38-jovenes-destacados-con-el-premio-municipal-de-la-juventud-2025-en-nuevo-laredo","status":"publish","type":"post","link":"https:\/\/www.radiointeractivo.com.mx\/?p=17772","title":{"rendered":"Reconocen a 38 j\u00f3venes destacados con el Premio Municipal de la Juventud 2025 en Nuevo Laredo"},"content":{"rendered":"\n<figure class=\"wp-block-image size-large\"><img loading=\"lazy\" decoding=\"async\" width=\"1024\" height=\"684\" src=\"https:\/\/www.radiointeractivo.com.mx\/wp-content\/uploads\/2025\/08\/WhatsApp-Image-2025-08-17-at-2.28.08-PM-1024x684.jpeg\" alt=\"\" class=\"wp-image-17773\" srcset=\"https:\/\/www.radiointeractivo.com.mx\/wp-content\/uploads\/2025\/08\/WhatsApp-Image-2025-08-17-at-2.28.08-PM-1024x684.jpeg 1024w, https:\/\/www.radiointeractivo.com.mx\/wp-content\/uploads\/2025\/08\/WhatsApp-Image-2025-08-17-at-2.28.08-PM-300x200.jpeg 300w, https:\/\/www.radiointeractivo.com.mx\/wp-content\/uploads\/2025\/08\/WhatsApp-Image-2025-08-17-at-2.28.08-PM-768x513.jpeg 768w, https:\/\/www.radiointeractivo.com.mx\/wp-content\/uploads\/2025\/08\/WhatsApp-Image-2025-08-17-at-2.28.08-PM.jpeg 1440w\" sizes=\"auto, (max-width: 1024px) 100vw, 1024px\" \/><\/figure>\n\n\n\n<p>Por: Staff | #NuevoLaredo #Laredo #NLD #Tamaulipas<\/p>\n\n\n\n<p>El Gobierno Municipal de Nuevo Laredo entreg\u00f3 este viernes el Reconocimiento Municipal de la Juventud 2025, galard\u00f3n con el que se distingui\u00f3 a 38 j\u00f3venes por su talento, esfuerzo y aportaciones en distintos \u00e1mbitos.<\/p>\n\n\n\n<p>El evento fue encabezado por la presidenta municipal, Carmen Lilia Canturosas Villarreal, acompa\u00f1ada por Jes\u00fas Espinoza, director del Instituto Municipal para el Desarrollo de la Juventud (IMJUVE).<\/p>\n\n\n\n<p>Las y los galardonados fueron reconocidos en las categor\u00edas de Acad\u00e9mico, Cient\u00edfico y Tecnol\u00f3gico; Activismo y Contribuci\u00f3n Social; Art\u00edstico y Cultural; Deportivo; y Emprendimiento.<\/p>\n\n\n\n<p>En su mensaje, la alcaldesa destac\u00f3 la importancia de la juventud para el presente y futuro de la ciudad. \u201cNuestros j\u00f3venes son el motor que mueve la sociedad. Su talento, creatividad y energ\u00eda marcan el rumbo de nuestro futuro, y en este gobierno creemos firmemente en brindarles las oportunidades que necesitan para desarrollarse, alcanzar sus sue\u00f1os y construir juntos una mejor ciudad\u201d, expres\u00f3.<\/p>\n\n\n\n<p>Canturosas Villarreal subray\u00f3 que este reconocimiento busca motivar y difundir las contribuciones de las nuevas generaciones, adem\u00e1s de fortalecer el sentido de pertenencia y orgullo local.<\/p>\n\n\n\n<p>De acuerdo con la administraci\u00f3n municipal, este tipo de iniciativas impulsan el desarrollo personal y profesional de las juventudes, al tiempo que promueven la participaci\u00f3n social como un factor clave para el crecimiento integral de la comunidad.<\/p>\n","protected":false},"excerpt":{"rendered":"<p>Por: Staff | #NuevoLaredo #Laredo #NLD #Tamaulipas El Gobierno Municipal de Nuevo Laredo entreg\u00f3 este viernes el Reconocimiento Municipal de la Juventud 2025, galard\u00f3n con el que se distingui\u00f3 a 38 j\u00f3venes por su talento, esfuerzo y aportaciones en distintos \u00e1mbitos. El evento fue encabezado por la presidenta municipal, Carmen Lilia Canturosas Villarreal, acompa\u00f1ada por &hellip;<\/p>\n","protected":false},"author":1,"featured_media":17774,"comment_status":"open","ping_status":"open","sticky":false,"template":"","format":"standard","meta":{"footnotes":""},"categories":[38],"tags":[],"class_list":["post-17772","post","type-post","status-publish","format-standard","has-post-thumbnail","","category-nuevo-laredo"],"_links":{"self":[{"href":"https:\/\/www.radiointeractivo.com.mx\/index.php?rest_route=\/wp\/v2\/posts\/17772","targetHints":{"allow":["GET"]}}],"collection":[{"href":"https:\/\/www.radiointeractivo.com.mx\/index.php?rest_route=\/wp\/v2\/posts"}],"about":[{"href":"https:\/\/www.radiointeractivo.com.mx\/index.php?rest_route=\/wp\/v2\/types\/post"}],"author":[{"embeddable":true,"href":"https:\/\/www.radiointeractivo.com.mx\/index.php?rest_route=\/wp\/v2\/users\/1"}],"replies":[{"embeddable":true,"href":"https:\/\/www.radiointeractivo.com.mx\/index.php?rest_route=%2Fwp%2Fv2%2Fcomments&post=17772"}],"version-history":[{"count":1,"href":"https:\/\/www.radiointeractivo.com.mx\/index.php?rest_route=\/wp\/v2\/posts\/17772\/revisions"}],"predecessor-version":[{"id":17775,"href":"https:\/\/www.radiointeractivo.com.mx\/index.php?rest_route=\/wp\/v2\/posts\/17772\/revisions\/17775"}],"wp:featuredmedia":[{"embeddable":true,"href":"https:\/\/www.radiointeractivo.com.mx\/index.php?rest_route=\/wp\/v2\/media\/17774"}],"wp:attachment":[{"href":"https:\/\/www.radiointeractivo.com.mx\/index.php?rest_route=%2Fwp%2Fv2%2Fmedia&parent=17772"}],"wp:term":[{"taxonomy":"category","embeddable":true,"href":"https:\/\/www.radiointeractivo.com.mx\/index.php?rest_route=%2Fwp%2Fv2%2Fcategories&post=17772"},{"taxonomy":"post_tag","embeddable":true,"href":"https:\/\/www.radiointeractivo.com.mx\/index.php?rest_route=%2Fwp%2Fv2%2Ftags&post=17772"}],"curies":[{"name":"wp","href":"https:\/\/api.w.org\/{rel}","templated":true}]}}