{"id":17769,"date":"2025-08-17T21:31:13","date_gmt":"2025-08-18T02:31:13","guid":{"rendered":"https:\/\/www.radiointeractivo.com.mx\/?p=17769"},"modified":"2025-08-17T21:31:14","modified_gmt":"2025-08-18T02:31:14","slug":"concluye-el-taller-de-verano-guardianes-del-planeta-en-nuevo-laredo","status":"publish","type":"post","link":"https:\/\/www.radiointeractivo.com.mx\/?p=17769","title":{"rendered":"Concluye el Taller de Verano \u201cGuardianes del Planeta\u201d en Nuevo Laredo"},"content":{"rendered":"\n<figure class=\"wp-block-image size-large\"><img loading=\"lazy\" decoding=\"async\" width=\"1024\" height=\"1024\" src=\"https:\/\/www.radiointeractivo.com.mx\/wp-content\/uploads\/2025\/08\/WhatsApp-Image-2025-08-17-at-2.26.50-PM-1024x1024.jpeg\" alt=\"\" class=\"wp-image-17770\" srcset=\"https:\/\/www.radiointeractivo.com.mx\/wp-content\/uploads\/2025\/08\/WhatsApp-Image-2025-08-17-at-2.26.50-PM-1024x1024.jpeg 1024w, https:\/\/www.radiointeractivo.com.mx\/wp-content\/uploads\/2025\/08\/WhatsApp-Image-2025-08-17-at-2.26.50-PM-300x300.jpeg 300w, https:\/\/www.radiointeractivo.com.mx\/wp-content\/uploads\/2025\/08\/WhatsApp-Image-2025-08-17-at-2.26.50-PM-150x150.jpeg 150w, https:\/\/www.radiointeractivo.com.mx\/wp-content\/uploads\/2025\/08\/WhatsApp-Image-2025-08-17-at-2.26.50-PM-768x769.jpeg 768w, https:\/\/www.radiointeractivo.com.mx\/wp-content\/uploads\/2025\/08\/WhatsApp-Image-2025-08-17-at-2.26.50-PM.jpeg 1262w\" sizes=\"auto, (max-width: 1024px) 100vw, 1024px\" \/><\/figure>\n\n\n\n<p>Por: Staff | #NuevoLaredo #Laredo #NLD #Tamaulipas<\/p>\n\n\n\n<p>Con un recorrido por el Zool\u00f3gico y Acuario de Nuevo Laredo, adem\u00e1s de un picnic en el nuevo espacio cultural del Parque Viveros, finaliz\u00f3 este fin de semana el Taller de Verano Guardianes del Planeta, organizado por la Coordinaci\u00f3n General de Gesti\u00f3n Ambiental.<\/p>\n\n\n\n<p>Durante varias semanas, la actividad promovi\u00f3 entre ni\u00f1as y ni\u00f1os el cuidado del medio ambiente mediante experiencias educativas y recreativas. La clausura se desarroll\u00f3 en un ambiente de entusiasmo y convivencia familiar.<\/p>\n\n\n\n<p>Los participantes y sus familias agradecieron a la presidenta municipal, Carmen Lilia Canturosas Villarreal, el impulso a este tipo de iniciativas. Tambi\u00e9n se reconoci\u00f3 el apoyo de la Direcci\u00f3n de Protecci\u00f3n Civil y Bomberos, que brind\u00f3 acompa\u00f1amiento para garantizar la seguridad de los asistentes a lo largo del taller.<\/p>\n\n\n\n<p>De acuerdo con la Coordinaci\u00f3n de Gesti\u00f3n Ambiental, este programa permiti\u00f3 que decenas de ni\u00f1as y ni\u00f1os disfrutaran un verano de aprendizaje y valores, con el objetivo de reforzar su compromiso hacia la conservaci\u00f3n del entorno natural.<\/p>\n","protected":false},"excerpt":{"rendered":"<p>Por: Staff | #NuevoLaredo #Laredo #NLD #Tamaulipas Con un recorrido por el Zool\u00f3gico y Acuario de Nuevo Laredo, adem\u00e1s de un picnic en el nuevo espacio cultural del Parque Viveros, finaliz\u00f3 este fin de semana el Taller de Verano Guardianes del Planeta, organizado por la Coordinaci\u00f3n General de Gesti\u00f3n Ambiental. Durante varias semanas, la actividad &hellip;<\/p>\n","protected":false},"author":1,"featured_media":17770,"comment_status":"open","ping_status":"open","sticky":false,"template":"","format":"standard","meta":{"footnotes":""},"categories":[38],"tags":[],"class_list":["post-17769","post","type-post","status-publish","format-standard","has-post-thumbnail","","category-nuevo-laredo"],"_links":{"self":[{"href":"https:\/\/www.radiointeractivo.com.mx\/index.php?rest_route=\/wp\/v2\/posts\/17769","targetHints":{"allow":["GET"]}}],"collection":[{"href":"https:\/\/www.radiointeractivo.com.mx\/index.php?rest_route=\/wp\/v2\/posts"}],"about":[{"href":"https:\/\/www.radiointeractivo.com.mx\/index.php?rest_route=\/wp\/v2\/types\/post"}],"author":[{"embeddable":true,"href":"https:\/\/www.radiointeractivo.com.mx\/index.php?rest_route=\/wp\/v2\/users\/1"}],"replies":[{"embeddable":true,"href":"https:\/\/www.radiointeractivo.com.mx\/index.php?rest_route=%2Fwp%2Fv2%2Fcomments&post=17769"}],"version-history":[{"count":1,"href":"https:\/\/www.radiointeractivo.com.mx\/index.php?rest_route=\/wp\/v2\/posts\/17769\/revisions"}],"predecessor-version":[{"id":17771,"href":"https:\/\/www.radiointeractivo.com.mx\/index.php?rest_route=\/wp\/v2\/posts\/17769\/revisions\/17771"}],"wp:featuredmedia":[{"embeddable":true,"href":"https:\/\/www.radiointeractivo.com.mx\/index.php?rest_route=\/wp\/v2\/media\/17770"}],"wp:attachment":[{"href":"https:\/\/www.radiointeractivo.com.mx\/index.php?rest_route=%2Fwp%2Fv2%2Fmedia&parent=17769"}],"wp:term":[{"taxonomy":"category","embeddable":true,"href":"https:\/\/www.radiointeractivo.com.mx\/index.php?rest_route=%2Fwp%2Fv2%2Fcategories&post=17769"},{"taxonomy":"post_tag","embeddable":true,"href":"https:\/\/www.radiointeractivo.com.mx\/index.php?rest_route=%2Fwp%2Fv2%2Ftags&post=17769"}],"curies":[{"name":"wp","href":"https:\/\/api.w.org\/{rel}","templated":true}]}}