{"id":17766,"date":"2025-08-17T17:37:22","date_gmt":"2025-08-17T22:37:22","guid":{"rendered":"https:\/\/www.radiointeractivo.com.mx\/?p=17766"},"modified":"2025-08-17T17:37:24","modified_gmt":"2025-08-17T22:37:24","slug":"ciudadania-y-organismos-participan-en-el-escuelaton-2025-en-apoyo-a-la-ninez-de-nuevo-laredo","status":"publish","type":"post","link":"https:\/\/www.radiointeractivo.com.mx\/?p=17766","title":{"rendered":"Ciudadan\u00eda y organismos participan en el \u2018Escuelat\u00f3n 2025\u2019 en apoyo a la ni\u00f1ez de Nuevo Laredo"},"content":{"rendered":"\n<figure class=\"wp-block-image size-large\"><img loading=\"lazy\" decoding=\"async\" width=\"1024\" height=\"682\" src=\"https:\/\/www.radiointeractivo.com.mx\/wp-content\/uploads\/2025\/08\/WhatsApp-Image-2025-08-16-at-5.27.50-PM-2-1024x682.jpeg\" alt=\"\" class=\"wp-image-17767\" srcset=\"https:\/\/www.radiointeractivo.com.mx\/wp-content\/uploads\/2025\/08\/WhatsApp-Image-2025-08-16-at-5.27.50-PM-2-1024x682.jpeg 1024w, https:\/\/www.radiointeractivo.com.mx\/wp-content\/uploads\/2025\/08\/WhatsApp-Image-2025-08-16-at-5.27.50-PM-2-300x200.jpeg 300w, https:\/\/www.radiointeractivo.com.mx\/wp-content\/uploads\/2025\/08\/WhatsApp-Image-2025-08-16-at-5.27.50-PM-2-768x512.jpeg 768w, https:\/\/www.radiointeractivo.com.mx\/wp-content\/uploads\/2025\/08\/WhatsApp-Image-2025-08-16-at-5.27.50-PM-2-310x205.jpeg 310w, https:\/\/www.radiointeractivo.com.mx\/wp-content\/uploads\/2025\/08\/WhatsApp-Image-2025-08-16-at-5.27.50-PM-2.jpeg 1280w\" sizes=\"auto, (max-width: 1024px) 100vw, 1024px\" \/><\/figure>\n\n\n\n<p>Por: Staff | #NuevoLaredo #Laredo #NLD #Tamaulipas<\/p>\n\n\n\n<p>Con la participaci\u00f3n de ciudadanos, empresas, asociaciones civiles, organismos empresariales y colegios de profesionales, se realiz\u00f3 el \u201cEscuelat\u00f3n 2025\u201d, jornada organizada por el Gobierno Municipal y el Sistema DIF con el objetivo de reunir \u00fatiles escolares para ni\u00f1as y ni\u00f1os de sectores vulnerables de Nuevo Laredo.<\/p>\n\n\n\n<p>El evento tuvo lugar en la explanada del Zool\u00f3gico de Nuevo Laredo, donde se recibieron donativos consistentes en cuadernos, colores, l\u00e1pices, plumas, pegamento, tijeras, juegos de geometr\u00eda y otros art\u00edculos que beneficiar\u00e1n a estudiantes en el pr\u00f3ximo ciclo escolar.<\/p>\n\n\n\n<p>La secretaria de Bienestar Social, Liliana Arjona Barocio, destac\u00f3 la importancia de la participaci\u00f3n social en esta iniciativa. \u201cEl Escuelat\u00f3n refleja el compromiso de la administraci\u00f3n que encabeza la alcaldesa Carmen Lilia Canturosas de trabajar hombro a hombro con la sociedad y la iniciativa privada por el bienestar de las familias\u201d, se\u00f1al\u00f3.<\/p>\n\n\n\n<p>El Gobierno Municipal y el Sistema DIF reiteraron que el prop\u00f3sito de este esfuerzo es garantizar que ning\u00fan estudiante quede sin las herramientas necesarias para continuar su educaci\u00f3n.<\/p>\n\n\n\n<p>Asimismo, recordaron que el Escuelat\u00f3n forma parte de una estrategia m\u00e1s amplia en materia educativa, que incluye becas de nivel primaria, especial y universitario, transporte escolar y la inversi\u00f3n en infraestructura, con la finalidad de fortalecer las oportunidades de desarrollo para la ni\u00f1ez y juventud neolaredense.<\/p>\n","protected":false},"excerpt":{"rendered":"<p>Por: Staff | #NuevoLaredo #Laredo #NLD #Tamaulipas Con la participaci\u00f3n de ciudadanos, empresas, asociaciones civiles, organismos empresariales y colegios de profesionales, se realiz\u00f3 el \u201cEscuelat\u00f3n 2025\u201d, jornada organizada por el Gobierno Municipal y el Sistema DIF con el objetivo de reunir \u00fatiles escolares para ni\u00f1as y ni\u00f1os de sectores vulnerables de Nuevo Laredo. El evento &hellip;<\/p>\n","protected":false},"author":1,"featured_media":17767,"comment_status":"open","ping_status":"open","sticky":false,"template":"","format":"standard","meta":{"footnotes":""},"categories":[38],"tags":[],"class_list":["post-17766","post","type-post","status-publish","format-standard","has-post-thumbnail","","category-nuevo-laredo"],"_links":{"self":[{"href":"https:\/\/www.radiointeractivo.com.mx\/index.php?rest_route=\/wp\/v2\/posts\/17766","targetHints":{"allow":["GET"]}}],"collection":[{"href":"https:\/\/www.radiointeractivo.com.mx\/index.php?rest_route=\/wp\/v2\/posts"}],"about":[{"href":"https:\/\/www.radiointeractivo.com.mx\/index.php?rest_route=\/wp\/v2\/types\/post"}],"author":[{"embeddable":true,"href":"https:\/\/www.radiointeractivo.com.mx\/index.php?rest_route=\/wp\/v2\/users\/1"}],"replies":[{"embeddable":true,"href":"https:\/\/www.radiointeractivo.com.mx\/index.php?rest_route=%2Fwp%2Fv2%2Fcomments&post=17766"}],"version-history":[{"count":1,"href":"https:\/\/www.radiointeractivo.com.mx\/index.php?rest_route=\/wp\/v2\/posts\/17766\/revisions"}],"predecessor-version":[{"id":17768,"href":"https:\/\/www.radiointeractivo.com.mx\/index.php?rest_route=\/wp\/v2\/posts\/17766\/revisions\/17768"}],"wp:featuredmedia":[{"embeddable":true,"href":"https:\/\/www.radiointeractivo.com.mx\/index.php?rest_route=\/wp\/v2\/media\/17767"}],"wp:attachment":[{"href":"https:\/\/www.radiointeractivo.com.mx\/index.php?rest_route=%2Fwp%2Fv2%2Fmedia&parent=17766"}],"wp:term":[{"taxonomy":"category","embeddable":true,"href":"https:\/\/www.radiointeractivo.com.mx\/index.php?rest_route=%2Fwp%2Fv2%2Fcategories&post=17766"},{"taxonomy":"post_tag","embeddable":true,"href":"https:\/\/www.radiointeractivo.com.mx\/index.php?rest_route=%2Fwp%2Fv2%2Ftags&post=17766"}],"curies":[{"name":"wp","href":"https:\/\/api.w.org\/{rel}","templated":true}]}}