{"id":17763,"date":"2025-08-17T17:20:52","date_gmt":"2025-08-17T22:20:52","guid":{"rendered":"https:\/\/www.radiointeractivo.com.mx\/?p=17763"},"modified":"2025-08-17T17:20:53","modified_gmt":"2025-08-17T22:20:53","slug":"nace-cria-de-bisonte-americano-en-el-zoologico-de-nuevo-laredo","status":"publish","type":"post","link":"https:\/\/www.radiointeractivo.com.mx\/?p=17763","title":{"rendered":"Nace cr\u00eda de bisonte americano en el Zool\u00f3gico de Nuevo Laredo"},"content":{"rendered":"\n<figure class=\"wp-block-image size-large\"><img loading=\"lazy\" decoding=\"async\" width=\"1024\" height=\"683\" src=\"https:\/\/www.radiointeractivo.com.mx\/wp-content\/uploads\/2025\/08\/WhatsApp-Image-2025-08-16-at-2.17.57-PM-1024x683.jpeg\" alt=\"\" class=\"wp-image-17764\" srcset=\"https:\/\/www.radiointeractivo.com.mx\/wp-content\/uploads\/2025\/08\/WhatsApp-Image-2025-08-16-at-2.17.57-PM-1024x683.jpeg 1024w, https:\/\/www.radiointeractivo.com.mx\/wp-content\/uploads\/2025\/08\/WhatsApp-Image-2025-08-16-at-2.17.57-PM-300x200.jpeg 300w, https:\/\/www.radiointeractivo.com.mx\/wp-content\/uploads\/2025\/08\/WhatsApp-Image-2025-08-16-at-2.17.57-PM-768x512.jpeg 768w, https:\/\/www.radiointeractivo.com.mx\/wp-content\/uploads\/2025\/08\/WhatsApp-Image-2025-08-16-at-2.17.57-PM.jpeg 1377w\" sizes=\"auto, (max-width: 1024px) 100vw, 1024px\" \/><\/figure>\n\n\n\n<p>Por: Staff | #NuevoLaredo #Laredo #NLD #Tamaulipas<\/p>\n\n\n\n<p>El Zool\u00f3gico de Nuevo Laredo registr\u00f3 este s\u00e1bado el nacimiento de una cr\u00eda de bisonte americano, como parte del programa de conservaci\u00f3n que desarrolla el recinto para la preservaci\u00f3n de especies.<\/p>\n\n\n\n<p>De acuerdo con Daniel Del Fierro C\u00e1rdenas, director del Zool\u00f3gico y Acuario de Nuevo Laredo, el alumbramiento ocurri\u00f3 a las 6:00 de la ma\u00f1ana sin complicaciones, gracias a la habilidad materna de la hembra. \u201cA tan solo dos horas de haber llegado al mundo, la cr\u00eda ya se encontraba de pie y poco despu\u00e9s inici\u00f3 su alimentaci\u00f3n, mostrando un desarrollo favorable desde el primer momento\u201d, se\u00f1al\u00f3.<\/p>\n\n\n\n<p>El funcionario destac\u00f3 la importancia de este hecho al tratarse de una especie que estuvo en peligro de extinci\u00f3n por la caza indiscriminada. En este sentido, subray\u00f3 que la recuperaci\u00f3n del bisonte americano ha sido posible gracias al esfuerzo conjunto de gobiernos, zool\u00f3gicos y organizaciones no gubernamentales.<\/p>\n\n\n\n<p>Por el momento no se ha determinado el sexo de la cr\u00eda para evitar generar estr\u00e9s a la madre, aunque las primeras revisiones veterinarias indican que goza de buena salud.<\/p>\n\n\n\n<p>El nacimiento del bisonte se suma a otros recientes en el Zool\u00f3gico de Nuevo Laredo, como el de una cebra, un dromedario, una guacamaya y monos tit\u00eds, lo que refuerza el compromiso de este espacio con la conservaci\u00f3n y reproducci\u00f3n de especies en favor de la biodiversidad.<\/p>\n","protected":false},"excerpt":{"rendered":"<p>Por: Staff | #NuevoLaredo #Laredo #NLD #Tamaulipas El Zool\u00f3gico de Nuevo Laredo registr\u00f3 este s\u00e1bado el nacimiento de una cr\u00eda de bisonte americano, como parte del programa de conservaci\u00f3n que desarrolla el recinto para la preservaci\u00f3n de especies. De acuerdo con Daniel Del Fierro C\u00e1rdenas, director del Zool\u00f3gico y Acuario de Nuevo Laredo, el alumbramiento &hellip;<\/p>\n","protected":false},"author":1,"featured_media":17764,"comment_status":"open","ping_status":"open","sticky":false,"template":"","format":"standard","meta":{"footnotes":""},"categories":[38],"tags":[],"class_list":["post-17763","post","type-post","status-publish","format-standard","has-post-thumbnail","","category-nuevo-laredo"],"_links":{"self":[{"href":"https:\/\/www.radiointeractivo.com.mx\/index.php?rest_route=\/wp\/v2\/posts\/17763","targetHints":{"allow":["GET"]}}],"collection":[{"href":"https:\/\/www.radiointeractivo.com.mx\/index.php?rest_route=\/wp\/v2\/posts"}],"about":[{"href":"https:\/\/www.radiointeractivo.com.mx\/index.php?rest_route=\/wp\/v2\/types\/post"}],"author":[{"embeddable":true,"href":"https:\/\/www.radiointeractivo.com.mx\/index.php?rest_route=\/wp\/v2\/users\/1"}],"replies":[{"embeddable":true,"href":"https:\/\/www.radiointeractivo.com.mx\/index.php?rest_route=%2Fwp%2Fv2%2Fcomments&post=17763"}],"version-history":[{"count":1,"href":"https:\/\/www.radiointeractivo.com.mx\/index.php?rest_route=\/wp\/v2\/posts\/17763\/revisions"}],"predecessor-version":[{"id":17765,"href":"https:\/\/www.radiointeractivo.com.mx\/index.php?rest_route=\/wp\/v2\/posts\/17763\/revisions\/17765"}],"wp:featuredmedia":[{"embeddable":true,"href":"https:\/\/www.radiointeractivo.com.mx\/index.php?rest_route=\/wp\/v2\/media\/17764"}],"wp:attachment":[{"href":"https:\/\/www.radiointeractivo.com.mx\/index.php?rest_route=%2Fwp%2Fv2%2Fmedia&parent=17763"}],"wp:term":[{"taxonomy":"category","embeddable":true,"href":"https:\/\/www.radiointeractivo.com.mx\/index.php?rest_route=%2Fwp%2Fv2%2Fcategories&post=17763"},{"taxonomy":"post_tag","embeddable":true,"href":"https:\/\/www.radiointeractivo.com.mx\/index.php?rest_route=%2Fwp%2Fv2%2Ftags&post=17763"}],"curies":[{"name":"wp","href":"https:\/\/api.w.org\/{rel}","templated":true}]}}