{"id":17759,"date":"2025-08-15T16:43:16","date_gmt":"2025-08-15T21:43:16","guid":{"rendered":"https:\/\/www.radiointeractivo.com.mx\/?p=17759"},"modified":"2025-08-15T16:43:18","modified_gmt":"2025-08-15T21:43:18","slug":"dif-tamaulipas-entrega-apoyos-economicos-a-estudiantes-del-programa-pannarti-en-nuevo-laredo","status":"publish","type":"post","link":"https:\/\/www.radiointeractivo.com.mx\/?p=17759","title":{"rendered":"DIF Tamaulipas entrega apoyos econ\u00f3micos a estudiantes del programa PANNARTI en Nuevo Laredo"},"content":{"rendered":"\n<figure class=\"wp-block-image size-large\"><img loading=\"lazy\" decoding=\"async\" width=\"1024\" height=\"682\" src=\"https:\/\/www.radiointeractivo.com.mx\/wp-content\/uploads\/2025\/08\/WhatsApp-Image-2025-08-15-at-2.08.36-PM-1024x682.jpeg\" alt=\"\" class=\"wp-image-17760\" srcset=\"https:\/\/www.radiointeractivo.com.mx\/wp-content\/uploads\/2025\/08\/WhatsApp-Image-2025-08-15-at-2.08.36-PM-1024x682.jpeg 1024w, https:\/\/www.radiointeractivo.com.mx\/wp-content\/uploads\/2025\/08\/WhatsApp-Image-2025-08-15-at-2.08.36-PM-300x200.jpeg 300w, https:\/\/www.radiointeractivo.com.mx\/wp-content\/uploads\/2025\/08\/WhatsApp-Image-2025-08-15-at-2.08.36-PM-768x512.jpeg 768w, https:\/\/www.radiointeractivo.com.mx\/wp-content\/uploads\/2025\/08\/WhatsApp-Image-2025-08-15-at-2.08.36-PM-1536x1023.jpeg 1536w, https:\/\/www.radiointeractivo.com.mx\/wp-content\/uploads\/2025\/08\/WhatsApp-Image-2025-08-15-at-2.08.36-PM-310x205.jpeg 310w, https:\/\/www.radiointeractivo.com.mx\/wp-content\/uploads\/2025\/08\/WhatsApp-Image-2025-08-15-at-2.08.36-PM.jpeg 1600w\" sizes=\"auto, (max-width: 1024px) 100vw, 1024px\" \/><\/figure>\n\n\n\n<p>Por: Staff | #NuevoLaredo #Laredo #NLD #Tamaulipas<\/p>\n\n\n\n<p>El Sistema DIF Tamaulipas, en coordinaci\u00f3n con el Sistema DIF Nuevo Laredo, entreg\u00f3 apoyos econ\u00f3micos a ni\u00f1as, ni\u00f1os y adolescentes beneficiarios del Programa de Atenci\u00f3n a Ni\u00f1as, Ni\u00f1os y Adolescentes en Riesgo de Trabajo Infantil (PANNARTI).<\/p>\n\n\n\n<p>En esta ocasi\u00f3n, 27 estudiantes recibieron el respaldo del programa estatal \u201cEsperanza de Tamaulipas\u201d, impulsado por el Gobierno del Estado a trav\u00e9s de la Secretar\u00eda de Educaci\u00f3n y el Instituto Tamaulipeco de Becas, Est\u00edmulos y Cr\u00e9ditos Educativos. Este apoyo consiste en 5 mil pesos anuales, entregados en dos exhibiciones, con el objetivo de favorecer la permanencia escolar y ampliar las oportunidades de desarrollo de las y los beneficiarios.<\/p>\n\n\n\n<p>El director general del Sistema DIF Nuevo Laredo, Viviano V\u00e1zquez Mac\u00edas, explic\u00f3 que la beca est\u00e1 dirigida a estudiantes de entre 6 y 17 a\u00f1os que trabajan en el sector formal o informal de la econom\u00eda, en espacios p\u00fablicos, y que cursan Primaria, Secundaria o Bachillerato en instituciones p\u00fablicas de Tamaulipas, ya sea en modalidad escolarizada o abierta.<\/p>\n\n\n\n<p>\u201cCon este apoyo reafirmamos nuestro compromiso de brindarles herramientas que fortalezcan su educaci\u00f3n y bienestar, evitando que abandonen sus estudios por razones econ\u00f3micas\u201d, expres\u00f3 V\u00e1zquez Mac\u00edas.<\/p>\n\n\n\n<p>El funcionario record\u00f3 que la convocatoria para acceder a este beneficio se publica al inicio de cada ciclo escolar e invit\u00f3 a las familias a mantenerse atentas para que m\u00e1s ni\u00f1as, ni\u00f1os y adolescentes en situaci\u00f3n de vulnerabilidad puedan ser beneficiados.<\/p>\n\n\n\n<p>El programa PANNARTI busca prevenir y erradicar el trabajo infantil mediante un trabajo integral que incluye acompa\u00f1amiento escolar, actividades culturales y art\u00edsticas, as\u00ed como acciones de desarrollo personal, garantizando as\u00ed el derecho a la educaci\u00f3n y a una infancia plena.<\/p>\n","protected":false},"excerpt":{"rendered":"<p>Por: Staff | #NuevoLaredo #Laredo #NLD #Tamaulipas El Sistema DIF Tamaulipas, en coordinaci\u00f3n con el Sistema DIF Nuevo Laredo, entreg\u00f3 apoyos econ\u00f3micos a ni\u00f1as, ni\u00f1os y adolescentes beneficiarios del Programa de Atenci\u00f3n a Ni\u00f1as, Ni\u00f1os y Adolescentes en Riesgo de Trabajo Infantil (PANNARTI). En esta ocasi\u00f3n, 27 estudiantes recibieron el respaldo del programa estatal \u201cEsperanza &hellip;<\/p>\n","protected":false},"author":1,"featured_media":17760,"comment_status":"open","ping_status":"open","sticky":false,"template":"","format":"standard","meta":{"footnotes":""},"categories":[38],"tags":[],"class_list":["post-17759","post","type-post","status-publish","format-standard","has-post-thumbnail","","category-nuevo-laredo"],"_links":{"self":[{"href":"https:\/\/www.radiointeractivo.com.mx\/index.php?rest_route=\/wp\/v2\/posts\/17759","targetHints":{"allow":["GET"]}}],"collection":[{"href":"https:\/\/www.radiointeractivo.com.mx\/index.php?rest_route=\/wp\/v2\/posts"}],"about":[{"href":"https:\/\/www.radiointeractivo.com.mx\/index.php?rest_route=\/wp\/v2\/types\/post"}],"author":[{"embeddable":true,"href":"https:\/\/www.radiointeractivo.com.mx\/index.php?rest_route=\/wp\/v2\/users\/1"}],"replies":[{"embeddable":true,"href":"https:\/\/www.radiointeractivo.com.mx\/index.php?rest_route=%2Fwp%2Fv2%2Fcomments&post=17759"}],"version-history":[{"count":1,"href":"https:\/\/www.radiointeractivo.com.mx\/index.php?rest_route=\/wp\/v2\/posts\/17759\/revisions"}],"predecessor-version":[{"id":17761,"href":"https:\/\/www.radiointeractivo.com.mx\/index.php?rest_route=\/wp\/v2\/posts\/17759\/revisions\/17761"}],"wp:featuredmedia":[{"embeddable":true,"href":"https:\/\/www.radiointeractivo.com.mx\/index.php?rest_route=\/wp\/v2\/media\/17760"}],"wp:attachment":[{"href":"https:\/\/www.radiointeractivo.com.mx\/index.php?rest_route=%2Fwp%2Fv2%2Fmedia&parent=17759"}],"wp:term":[{"taxonomy":"category","embeddable":true,"href":"https:\/\/www.radiointeractivo.com.mx\/index.php?rest_route=%2Fwp%2Fv2%2Fcategories&post=17759"},{"taxonomy":"post_tag","embeddable":true,"href":"https:\/\/www.radiointeractivo.com.mx\/index.php?rest_route=%2Fwp%2Fv2%2Ftags&post=17759"}],"curies":[{"name":"wp","href":"https:\/\/api.w.org\/{rel}","templated":true}]}}