{"id":17751,"date":"2025-08-15T15:46:37","date_gmt":"2025-08-15T20:46:37","guid":{"rendered":"https:\/\/www.radiointeractivo.com.mx\/?p=17751"},"modified":"2025-08-15T15:46:40","modified_gmt":"2025-08-15T20:46:40","slug":"invitan-al-escuelaton-para-apoyar-a-familias-vulnerables-en-el-regreso-a-clases","status":"publish","type":"post","link":"https:\/\/www.radiointeractivo.com.mx\/?p=17751","title":{"rendered":"Invitan al \u201cEscuelat\u00f3n\u201d para apoyar a familias vulnerables en el regreso a clases"},"content":{"rendered":"\n<figure class=\"wp-block-image size-large\"><img loading=\"lazy\" decoding=\"async\" width=\"818\" height=\"1024\" src=\"https:\/\/www.radiointeractivo.com.mx\/wp-content\/uploads\/2025\/08\/WhatsApp-Image-2025-08-15-at-12.58.29-PM-1-818x1024.jpeg\" alt=\"\" class=\"wp-image-17753\" srcset=\"https:\/\/www.radiointeractivo.com.mx\/wp-content\/uploads\/2025\/08\/WhatsApp-Image-2025-08-15-at-12.58.29-PM-1-818x1024.jpeg 818w, https:\/\/www.radiointeractivo.com.mx\/wp-content\/uploads\/2025\/08\/WhatsApp-Image-2025-08-15-at-12.58.29-PM-1-240x300.jpeg 240w, https:\/\/www.radiointeractivo.com.mx\/wp-content\/uploads\/2025\/08\/WhatsApp-Image-2025-08-15-at-12.58.29-PM-1-768x961.jpeg 768w, https:\/\/www.radiointeractivo.com.mx\/wp-content\/uploads\/2025\/08\/WhatsApp-Image-2025-08-15-at-12.58.29-PM-1.jpeg 1066w\" sizes=\"auto, (max-width: 818px) 100vw, 818px\" \/><\/figure>\n\n\n\n<p>Por: Staff | #NuevoLaredo #Laredo #NLD #Tamaulipas<\/p>\n\n\n\n<p>El Gobierno Municipal de Nuevo Laredo y el Sistema para el Desarrollo Integral de la Familia (DIF) convocan a la ciudadan\u00eda a participar en el \u201cEscuelat\u00f3n\u201d, una iniciativa solidaria destinada a recaudar \u00fatiles escolares que ser\u00e1n entregados a familias en situaci\u00f3n vulnerable, con el objetivo de respaldar a ni\u00f1as, ni\u00f1os y adolescentes en su pr\u00f3ximo regreso a clases.<\/p>\n\n\n\n<p>\u201cCuando nos unimos como comunidad, logramos que m\u00e1s ni\u00f1as y ni\u00f1os tengan las herramientas para aprender y cumplir sus sue\u00f1os. Los invitamos a ser parte de esta causa\u201d, expres\u00f3 la secretaria de Bienestar Social, Liliana Arjona Barocio.<\/p>\n\n\n\n<p>La colecta se llevar\u00e1 a cabo el s\u00e1bado 16 de agosto, de 10:00 a.m. a 3:00 p.m., en la explanada del Zool\u00f3gico de Nuevo Laredo. Se recibir\u00e1n donaciones de mochilas, cuadernos, l\u00e1pices y otros \u00fatiles escolares, bajo la modalidad Drive Thru para facilitar y agilizar la entrega.<\/p>\n\n\n\n<p>Como agradecimiento, cada persona que realice un donativo recibir\u00e1 un boleto de entrada gratuita al zool\u00f3gico.<\/p>\n\n\n\n<p>El Gobierno Municipal y el DIF reiteraron su compromiso de trabajar de la mano con la comunidad para que ning\u00fan estudiante carezca de las herramientas necesarias para continuar su educaci\u00f3n.<\/p>\n","protected":false},"excerpt":{"rendered":"<p>Por: Staff | #NuevoLaredo #Laredo #NLD #Tamaulipas El Gobierno Municipal de Nuevo Laredo y el Sistema para el Desarrollo Integral de la Familia (DIF) convocan a la ciudadan\u00eda a participar en el \u201cEscuelat\u00f3n\u201d, una iniciativa solidaria destinada a recaudar \u00fatiles escolares que ser\u00e1n entregados a familias en situaci\u00f3n vulnerable, con el objetivo de respaldar a &hellip;<\/p>\n","protected":false},"author":1,"featured_media":17752,"comment_status":"open","ping_status":"open","sticky":false,"template":"","format":"standard","meta":{"footnotes":""},"categories":[38],"tags":[],"class_list":["post-17751","post","type-post","status-publish","format-standard","has-post-thumbnail","","category-nuevo-laredo"],"_links":{"self":[{"href":"https:\/\/www.radiointeractivo.com.mx\/index.php?rest_route=\/wp\/v2\/posts\/17751","targetHints":{"allow":["GET"]}}],"collection":[{"href":"https:\/\/www.radiointeractivo.com.mx\/index.php?rest_route=\/wp\/v2\/posts"}],"about":[{"href":"https:\/\/www.radiointeractivo.com.mx\/index.php?rest_route=\/wp\/v2\/types\/post"}],"author":[{"embeddable":true,"href":"https:\/\/www.radiointeractivo.com.mx\/index.php?rest_route=\/wp\/v2\/users\/1"}],"replies":[{"embeddable":true,"href":"https:\/\/www.radiointeractivo.com.mx\/index.php?rest_route=%2Fwp%2Fv2%2Fcomments&post=17751"}],"version-history":[{"count":1,"href":"https:\/\/www.radiointeractivo.com.mx\/index.php?rest_route=\/wp\/v2\/posts\/17751\/revisions"}],"predecessor-version":[{"id":17754,"href":"https:\/\/www.radiointeractivo.com.mx\/index.php?rest_route=\/wp\/v2\/posts\/17751\/revisions\/17754"}],"wp:featuredmedia":[{"embeddable":true,"href":"https:\/\/www.radiointeractivo.com.mx\/index.php?rest_route=\/wp\/v2\/media\/17752"}],"wp:attachment":[{"href":"https:\/\/www.radiointeractivo.com.mx\/index.php?rest_route=%2Fwp%2Fv2%2Fmedia&parent=17751"}],"wp:term":[{"taxonomy":"category","embeddable":true,"href":"https:\/\/www.radiointeractivo.com.mx\/index.php?rest_route=%2Fwp%2Fv2%2Fcategories&post=17751"},{"taxonomy":"post_tag","embeddable":true,"href":"https:\/\/www.radiointeractivo.com.mx\/index.php?rest_route=%2Fwp%2Fv2%2Ftags&post=17751"}],"curies":[{"name":"wp","href":"https:\/\/api.w.org\/{rel}","templated":true}]}}