{"id":17748,"date":"2025-08-15T15:40:34","date_gmt":"2025-08-15T20:40:34","guid":{"rendered":"https:\/\/www.radiointeractivo.com.mx\/?p=17748"},"modified":"2025-08-15T15:40:36","modified_gmt":"2025-08-15T20:40:36","slug":"ciudadania-responde-positivamente-a-campana-de-certificados-medicos-gratuitos-para-regreso-a-clases","status":"publish","type":"post","link":"https:\/\/www.radiointeractivo.com.mx\/?p=17748","title":{"rendered":"Ciudadan\u00eda responde positivamente a campa\u00f1a de certificados m\u00e9dicos gratuitos para regreso a clases"},"content":{"rendered":"\n<figure class=\"wp-block-image size-large\"><img loading=\"lazy\" decoding=\"async\" width=\"1024\" height=\"683\" src=\"https:\/\/www.radiointeractivo.com.mx\/wp-content\/uploads\/2025\/08\/WhatsApp-Image-2025-08-15-at-12.57.30-PM-1024x683.jpeg\" alt=\"\" class=\"wp-image-17749\" srcset=\"https:\/\/www.radiointeractivo.com.mx\/wp-content\/uploads\/2025\/08\/WhatsApp-Image-2025-08-15-at-12.57.30-PM-1024x683.jpeg 1024w, https:\/\/www.radiointeractivo.com.mx\/wp-content\/uploads\/2025\/08\/WhatsApp-Image-2025-08-15-at-12.57.30-PM-300x200.jpeg 300w, https:\/\/www.radiointeractivo.com.mx\/wp-content\/uploads\/2025\/08\/WhatsApp-Image-2025-08-15-at-12.57.30-PM-768x512.jpeg 768w, https:\/\/www.radiointeractivo.com.mx\/wp-content\/uploads\/2025\/08\/WhatsApp-Image-2025-08-15-at-12.57.30-PM-1536x1024.jpeg 1536w, https:\/\/www.radiointeractivo.com.mx\/wp-content\/uploads\/2025\/08\/WhatsApp-Image-2025-08-15-at-12.57.30-PM.jpeg 1600w\" sizes=\"auto, (max-width: 1024px) 100vw, 1024px\" \/><\/figure>\n\n\n\n<p>Por: Staff | #NuevoLaredo #Laredo #NLD #Tamaulipas<\/p>\n\n\n\n<p>El programa impulsado por el Gobierno Municipal de Nuevo Laredo, encabezado por la alcaldesa Carmen Lilia Canturosas Villarreal, para otorgar certificados m\u00e9dicos gratuitos como parte del regreso a clases ha registrado una alta participaci\u00f3n ciudadana.<\/p>\n\n\n\n<p>En lo que va de agosto, m\u00e1s de 700 certificados han sido expedidos en las 11 Cl\u00ednicas UNE distribuidas por la ciudad, atendiendo a familias que cumplen con este requisito solicitado por las instituciones educativas para el inicio del ciclo escolar.<\/p>\n\n\n\n<p>La presidenta municipal se\u00f1al\u00f3 que esta campa\u00f1a busca respaldar la educaci\u00f3n y apoyar la econom\u00eda familiar. \u201cEl objetivo es evitar que las y los padres de familia tengan que realizar un gasto adicional en este tr\u00e1mite\u201d, destac\u00f3.<\/p>\n\n\n\n<p>El beneficio, otorgado a trav\u00e9s de la Secretar\u00eda de Bienestar Social, est\u00e1 disponible para ni\u00f1as, ni\u00f1os y j\u00f3venes en las once cl\u00ednicas municipales, donde el personal m\u00e9dico brinda atenci\u00f3n de forma \u00e1gil y segura.<\/p>\n\n\n\n<p>El servicio permanecer\u00e1 vigente durante todo agosto, de lunes a viernes, en un horario de 8:00 a.m. a 3:30 p.m., en las cl\u00ednicas ubicadas en las colonias Valles del Para\u00edso, Campanario, Nueva Era, Los Toboganes, Santa Cecilia, Los Olivos II, El Progreso, Palmares, 1\u00ba de Mayo, Valles de An\u00e1huac y La Joya.<\/p>\n\n\n\n<p>El Gobierno Municipal invit\u00f3 a la poblaci\u00f3n a aprovechar este apoyo, que contribuye a un regreso a clases ordenado, seguro y sin afectar la econom\u00eda de las familias neolaredenses.<\/p>\n","protected":false},"excerpt":{"rendered":"<p>Por: Staff | #NuevoLaredo #Laredo #NLD #Tamaulipas El programa impulsado por el Gobierno Municipal de Nuevo Laredo, encabezado por la alcaldesa Carmen Lilia Canturosas Villarreal, para otorgar certificados m\u00e9dicos gratuitos como parte del regreso a clases ha registrado una alta participaci\u00f3n ciudadana. En lo que va de agosto, m\u00e1s de 700 certificados han sido expedidos &hellip;<\/p>\n","protected":false},"author":1,"featured_media":17749,"comment_status":"open","ping_status":"open","sticky":false,"template":"","format":"standard","meta":{"footnotes":""},"categories":[38],"tags":[],"class_list":["post-17748","post","type-post","status-publish","format-standard","has-post-thumbnail","","category-nuevo-laredo"],"_links":{"self":[{"href":"https:\/\/www.radiointeractivo.com.mx\/index.php?rest_route=\/wp\/v2\/posts\/17748","targetHints":{"allow":["GET"]}}],"collection":[{"href":"https:\/\/www.radiointeractivo.com.mx\/index.php?rest_route=\/wp\/v2\/posts"}],"about":[{"href":"https:\/\/www.radiointeractivo.com.mx\/index.php?rest_route=\/wp\/v2\/types\/post"}],"author":[{"embeddable":true,"href":"https:\/\/www.radiointeractivo.com.mx\/index.php?rest_route=\/wp\/v2\/users\/1"}],"replies":[{"embeddable":true,"href":"https:\/\/www.radiointeractivo.com.mx\/index.php?rest_route=%2Fwp%2Fv2%2Fcomments&post=17748"}],"version-history":[{"count":1,"href":"https:\/\/www.radiointeractivo.com.mx\/index.php?rest_route=\/wp\/v2\/posts\/17748\/revisions"}],"predecessor-version":[{"id":17750,"href":"https:\/\/www.radiointeractivo.com.mx\/index.php?rest_route=\/wp\/v2\/posts\/17748\/revisions\/17750"}],"wp:featuredmedia":[{"embeddable":true,"href":"https:\/\/www.radiointeractivo.com.mx\/index.php?rest_route=\/wp\/v2\/media\/17749"}],"wp:attachment":[{"href":"https:\/\/www.radiointeractivo.com.mx\/index.php?rest_route=%2Fwp%2Fv2%2Fmedia&parent=17748"}],"wp:term":[{"taxonomy":"category","embeddable":true,"href":"https:\/\/www.radiointeractivo.com.mx\/index.php?rest_route=%2Fwp%2Fv2%2Fcategories&post=17748"},{"taxonomy":"post_tag","embeddable":true,"href":"https:\/\/www.radiointeractivo.com.mx\/index.php?rest_route=%2Fwp%2Fv2%2Ftags&post=17748"}],"curies":[{"name":"wp","href":"https:\/\/api.w.org\/{rel}","templated":true}]}}