{"id":17698,"date":"2025-08-14T16:21:11","date_gmt":"2025-08-14T21:21:11","guid":{"rendered":"https:\/\/www.radiointeractivo.com.mx\/?p=17698"},"modified":"2025-08-14T16:21:13","modified_gmt":"2025-08-14T21:21:13","slug":"nuevo-laredo-consolida-liderazgo-industrial-con-inversion-millonaria-de-la-cooperativa-pascual","status":"publish","type":"post","link":"https:\/\/www.radiointeractivo.com.mx\/?p=17698","title":{"rendered":"Nuevo Laredo consolida liderazgo industrial con inversi\u00f3n millonaria de la cooperativa Pascual"},"content":{"rendered":"\n<figure class=\"wp-block-image size-large\"><img loading=\"lazy\" decoding=\"async\" width=\"1024\" height=\"685\" src=\"https:\/\/www.radiointeractivo.com.mx\/wp-content\/uploads\/2025\/08\/WhatsApp-Image-2025-08-14-at-2.38.37-PM-1-1024x685.jpeg\" alt=\"\" class=\"wp-image-17699\" srcset=\"https:\/\/www.radiointeractivo.com.mx\/wp-content\/uploads\/2025\/08\/WhatsApp-Image-2025-08-14-at-2.38.37-PM-1-1024x685.jpeg 1024w, https:\/\/www.radiointeractivo.com.mx\/wp-content\/uploads\/2025\/08\/WhatsApp-Image-2025-08-14-at-2.38.37-PM-1-300x201.jpeg 300w, https:\/\/www.radiointeractivo.com.mx\/wp-content\/uploads\/2025\/08\/WhatsApp-Image-2025-08-14-at-2.38.37-PM-1-768x514.jpeg 768w, https:\/\/www.radiointeractivo.com.mx\/wp-content\/uploads\/2025\/08\/WhatsApp-Image-2025-08-14-at-2.38.37-PM-1-110x75.jpeg 110w, https:\/\/www.radiointeractivo.com.mx\/wp-content\/uploads\/2025\/08\/WhatsApp-Image-2025-08-14-at-2.38.37-PM-1.jpeg 1254w\" sizes=\"auto, (max-width: 1024px) 100vw, 1024px\" \/><\/figure>\n\n\n\n<p>Por: Staff | #NuevoLaredo #Laredo #NLD #Tamaulipas<\/p>\n\n\n\n<p>Con una inversi\u00f3n superior a los 600 millones de pesos y la generaci\u00f3n prevista de 300 empleos directos y mil indirectos, este jueves se coloc\u00f3 la primera piedra de la nueva planta industrial de la Sociedad Cooperativa Trabajadores de Pascual, S.C.L., en Nuevo Laredo. La instalaci\u00f3n reafirma a la ciudad como un punto estrat\u00e9gico para la industria y la exportaci\u00f3n en M\u00e9xico.<\/p>\n\n\n\n<p>El acto estuvo encabezado por la presidenta municipal, Carmen Lilia Canturosas Villarreal; la secretaria de Econom\u00eda de Tamaulipas, Ninfa Cant\u00fa De\u00e1ndar; la presidenta del Consejo de Administraci\u00f3n de la cooperativa, Patricia Izarrar\u00e1s Avi\u00f1a; y el presidente del Consejo de Vigilancia, Ferm\u00edn Zenteno Rojas.<\/p>\n\n\n\n<p>\u201cNuevo Laredo es, y seguir\u00e1 siendo, un eje econ\u00f3mico clave en M\u00e9xico. Su posici\u00f3n geogr\u00e1fica, puerta de entrada al mercado m\u00e1s grande del mundo, lo convierte en un im\u00e1n para inversiones visionarias\u201d, destac\u00f3 Canturosas Villarreal, quien subray\u00f3 que su gobierno trabaj\u00f3 junto a los directivos para facilitar la llegada del proyecto y reforzar la infraestructura urbana como base para el desarrollo econ\u00f3mico.<\/p>\n\n\n\n<p>La alcaldesa reconoci\u00f3 tambi\u00e9n el liderazgo del gobernador Am\u00e9rico Villarreal Anaya por impulsar obras de infraestructura que elevan la competitividad de Tamaulipas.<\/p>\n\n\n\n<p>Por su parte, la secretaria de Econom\u00eda estatal, Ninfa Cant\u00fa De\u00e1ndar, se\u00f1al\u00f3 que la coordinaci\u00f3n entre los tres niveles de gobierno ha sido clave para atraer inversiones. \u201cNuevo Laredo se consolida as\u00ed como un polo de atracci\u00f3n de inversiones y como plataforma estrat\u00e9gica para la exportaci\u00f3n y lo haremos con talento tamaulipeco, con empleo local y con orgullo regional\u201d, afirm\u00f3.<\/p>\n\n\n\n<p>La presidenta del Consejo de Administraci\u00f3n de la cooperativa, Patricia Izarrar\u00e1s Avi\u00f1a, destac\u00f3 que la ubicaci\u00f3n de Nuevo Laredo permitir\u00e1 optimizar la distribuci\u00f3n hacia el norte de M\u00e9xico y facilitar la exportaci\u00f3n a Estados Unidos. \u201cNo es casualidad que hayamos elegido este lugar; Nuevo Laredo es uno de los puntos m\u00e1s importantes para las exportaciones de M\u00e9xico y estamos convencidos de que su ubicaci\u00f3n privilegiada potenciar\u00e1 nuestro crecimiento y competitividad\u201d, se\u00f1al\u00f3.<\/p>\n\n\n\n<p>En el evento participaron el diputado federal Carlos Canturosas Villarreal; los diputados locales Ana Laura Huerta y Sergio Ojeda; el legislador texano Richard Raymond; el c\u00f3nsul de M\u00e9xico en Laredo, Texas, Juan Carlos Mendoza; autoridades militares y municipales, as\u00ed como miembros de la cooperativa.<\/p>\n\n\n\n<p>Con esta nueva planta, la Sociedad Cooperativa Trabajadores de Pascual ampl\u00eda su presencia nacional y abre una etapa de crecimiento que fortalece a Nuevo Laredo como centro clave para la producci\u00f3n y exportaci\u00f3n de sus bebidas.<\/p>\n","protected":false},"excerpt":{"rendered":"<p>Por: Staff | #NuevoLaredo #Laredo #NLD #Tamaulipas Con una inversi\u00f3n superior a los 600 millones de pesos y la generaci\u00f3n prevista de 300 empleos directos y mil indirectos, este jueves se coloc\u00f3 la primera piedra de la nueva planta industrial de la Sociedad Cooperativa Trabajadores de Pascual, S.C.L., en Nuevo Laredo. La instalaci\u00f3n reafirma a &hellip;<\/p>\n","protected":false},"author":1,"featured_media":17700,"comment_status":"open","ping_status":"open","sticky":false,"template":"","format":"standard","meta":{"footnotes":""},"categories":[38],"tags":[],"class_list":["post-17698","post","type-post","status-publish","format-standard","has-post-thumbnail","","category-nuevo-laredo"],"_links":{"self":[{"href":"https:\/\/www.radiointeractivo.com.mx\/index.php?rest_route=\/wp\/v2\/posts\/17698","targetHints":{"allow":["GET"]}}],"collection":[{"href":"https:\/\/www.radiointeractivo.com.mx\/index.php?rest_route=\/wp\/v2\/posts"}],"about":[{"href":"https:\/\/www.radiointeractivo.com.mx\/index.php?rest_route=\/wp\/v2\/types\/post"}],"author":[{"embeddable":true,"href":"https:\/\/www.radiointeractivo.com.mx\/index.php?rest_route=\/wp\/v2\/users\/1"}],"replies":[{"embeddable":true,"href":"https:\/\/www.radiointeractivo.com.mx\/index.php?rest_route=%2Fwp%2Fv2%2Fcomments&post=17698"}],"version-history":[{"count":1,"href":"https:\/\/www.radiointeractivo.com.mx\/index.php?rest_route=\/wp\/v2\/posts\/17698\/revisions"}],"predecessor-version":[{"id":17701,"href":"https:\/\/www.radiointeractivo.com.mx\/index.php?rest_route=\/wp\/v2\/posts\/17698\/revisions\/17701"}],"wp:featuredmedia":[{"embeddable":true,"href":"https:\/\/www.radiointeractivo.com.mx\/index.php?rest_route=\/wp\/v2\/media\/17700"}],"wp:attachment":[{"href":"https:\/\/www.radiointeractivo.com.mx\/index.php?rest_route=%2Fwp%2Fv2%2Fmedia&parent=17698"}],"wp:term":[{"taxonomy":"category","embeddable":true,"href":"https:\/\/www.radiointeractivo.com.mx\/index.php?rest_route=%2Fwp%2Fv2%2Fcategories&post=17698"},{"taxonomy":"post_tag","embeddable":true,"href":"https:\/\/www.radiointeractivo.com.mx\/index.php?rest_route=%2Fwp%2Fv2%2Ftags&post=17698"}],"curies":[{"name":"wp","href":"https:\/\/api.w.org\/{rel}","templated":true}]}}