{"id":17695,"date":"2025-08-14T15:56:44","date_gmt":"2025-08-14T20:56:44","guid":{"rendered":"https:\/\/www.radiointeractivo.com.mx\/?p=17695"},"modified":"2025-08-14T15:56:46","modified_gmt":"2025-08-14T20:56:46","slug":"presidencia-cerquita-de-ti-acerca-servicios-y-atencion-a-vecinos-de-la-colonia-hidalgo","status":"publish","type":"post","link":"https:\/\/www.radiointeractivo.com.mx\/?p=17695","title":{"rendered":"\u201cPresidencia Cerquita de Ti\u201d acerca servicios y atenci\u00f3n a vecinos de la colonia Hidalgo"},"content":{"rendered":"\n<figure class=\"wp-block-image size-large\"><img loading=\"lazy\" decoding=\"async\" width=\"1024\" height=\"682\" src=\"https:\/\/www.radiointeractivo.com.mx\/wp-content\/uploads\/2025\/08\/WhatsApp-Image-2025-08-14-at-2.29.42-PM-5-1024x682.jpeg\" alt=\"\" class=\"wp-image-17696\" srcset=\"https:\/\/www.radiointeractivo.com.mx\/wp-content\/uploads\/2025\/08\/WhatsApp-Image-2025-08-14-at-2.29.42-PM-5-1024x682.jpeg 1024w, https:\/\/www.radiointeractivo.com.mx\/wp-content\/uploads\/2025\/08\/WhatsApp-Image-2025-08-14-at-2.29.42-PM-5-300x200.jpeg 300w, https:\/\/www.radiointeractivo.com.mx\/wp-content\/uploads\/2025\/08\/WhatsApp-Image-2025-08-14-at-2.29.42-PM-5-768x512.jpeg 768w, https:\/\/www.radiointeractivo.com.mx\/wp-content\/uploads\/2025\/08\/WhatsApp-Image-2025-08-14-at-2.29.42-PM-5-310x205.jpeg 310w, https:\/\/www.radiointeractivo.com.mx\/wp-content\/uploads\/2025\/08\/WhatsApp-Image-2025-08-14-at-2.29.42-PM-5.jpeg 1280w\" sizes=\"auto, (max-width: 1024px) 100vw, 1024px\" \/><\/figure>\n\n\n\n<p>Por. Staff | #NuevoLaredo #Laredo #NLD #Tamaulipas<\/p>\n\n\n\n<p>El Gobierno Municipal de Nuevo Laredo llev\u00f3 a cabo una nueva edici\u00f3n del programa \u201cPresidencia Cerquita de Ti\u201d en la Plaza de la Libertad de la colonia Hidalgo, donde cientos de personas accedieron a tr\u00e1mites, asesor\u00edas y servicios gratuitos orientados a mejorar la calidad de vida de las familias.<\/p>\n\n\n\n<p>La jornada fue encabezada por la secretaria de Bienestar Social, Liliana Arjona Barocio, el regidor del sector, Juan de Dios Juanes Carrizales, y otros integrantes del gabinete municipal, quienes dialogaron directamente con las y los vecinos para conocer sus necesidades y buscar soluciones inmediatas.<\/p>\n\n\n\n<p>\u201cEste programa es un puente directo entre el gobierno y la ciudadan\u00eda; estamos aqu\u00ed para escuchar, atender y dar respuesta a sus peticiones, porque lo m\u00e1s importante es su bienestar\u201d, afirm\u00f3 Arjona Barocio.<\/p>\n\n\n\n<p>Entre los apoyos brindados se incluyeron servicios m\u00e9dicos, cortes de cabello, atenci\u00f3n jur\u00eddica, programas del DIF, vacunaci\u00f3n, as\u00ed como asesor\u00eda sobre programas sociales, empleo y apoyos municipales.<\/p>\n\n\n\n<p>La administraci\u00f3n municipal destac\u00f3 que \u201cPresidencia Cerquita de Ti\u201d se ha consolidado como una estrategia efectiva para fortalecer la cercan\u00eda y confianza con la comunidad, al llevar atenci\u00f3n directa a los entornos de la ciudadan\u00eda.<\/p>\n\n\n\n<p>El Gobierno Municipal exhort\u00f3 a la poblaci\u00f3n a mantenerse atenta a las pr\u00f3ximas fechas y sedes del programa para continuar trabajando en un Nuevo Laredo m\u00e1s unido y solidario.<\/p>\n","protected":false},"excerpt":{"rendered":"<p>Por. Staff | #NuevoLaredo #Laredo #NLD #Tamaulipas El Gobierno Municipal de Nuevo Laredo llev\u00f3 a cabo una nueva edici\u00f3n del programa \u201cPresidencia Cerquita de Ti\u201d en la Plaza de la Libertad de la colonia Hidalgo, donde cientos de personas accedieron a tr\u00e1mites, asesor\u00edas y servicios gratuitos orientados a mejorar la calidad de vida de las &hellip;<\/p>\n","protected":false},"author":1,"featured_media":17696,"comment_status":"open","ping_status":"open","sticky":false,"template":"","format":"standard","meta":{"footnotes":""},"categories":[38],"tags":[],"class_list":["post-17695","post","type-post","status-publish","format-standard","has-post-thumbnail","","category-nuevo-laredo"],"_links":{"self":[{"href":"https:\/\/www.radiointeractivo.com.mx\/index.php?rest_route=\/wp\/v2\/posts\/17695","targetHints":{"allow":["GET"]}}],"collection":[{"href":"https:\/\/www.radiointeractivo.com.mx\/index.php?rest_route=\/wp\/v2\/posts"}],"about":[{"href":"https:\/\/www.radiointeractivo.com.mx\/index.php?rest_route=\/wp\/v2\/types\/post"}],"author":[{"embeddable":true,"href":"https:\/\/www.radiointeractivo.com.mx\/index.php?rest_route=\/wp\/v2\/users\/1"}],"replies":[{"embeddable":true,"href":"https:\/\/www.radiointeractivo.com.mx\/index.php?rest_route=%2Fwp%2Fv2%2Fcomments&post=17695"}],"version-history":[{"count":1,"href":"https:\/\/www.radiointeractivo.com.mx\/index.php?rest_route=\/wp\/v2\/posts\/17695\/revisions"}],"predecessor-version":[{"id":17697,"href":"https:\/\/www.radiointeractivo.com.mx\/index.php?rest_route=\/wp\/v2\/posts\/17695\/revisions\/17697"}],"wp:featuredmedia":[{"embeddable":true,"href":"https:\/\/www.radiointeractivo.com.mx\/index.php?rest_route=\/wp\/v2\/media\/17696"}],"wp:attachment":[{"href":"https:\/\/www.radiointeractivo.com.mx\/index.php?rest_route=%2Fwp%2Fv2%2Fmedia&parent=17695"}],"wp:term":[{"taxonomy":"category","embeddable":true,"href":"https:\/\/www.radiointeractivo.com.mx\/index.php?rest_route=%2Fwp%2Fv2%2Fcategories&post=17695"},{"taxonomy":"post_tag","embeddable":true,"href":"https:\/\/www.radiointeractivo.com.mx\/index.php?rest_route=%2Fwp%2Fv2%2Ftags&post=17695"}],"curies":[{"name":"wp","href":"https:\/\/api.w.org\/{rel}","templated":true}]}}