{"id":17692,"date":"2025-08-14T15:23:06","date_gmt":"2025-08-14T20:23:06","guid":{"rendered":"https:\/\/www.radiointeractivo.com.mx\/?p=17692"},"modified":"2025-08-14T15:23:09","modified_gmt":"2025-08-14T20:23:09","slug":"abren-inscripciones-para-talleres-de-oficio-en-nuevo-laredo","status":"publish","type":"post","link":"https:\/\/www.radiointeractivo.com.mx\/?p=17692","title":{"rendered":"Abren inscripciones para Talleres de Oficio en Nuevo Laredo"},"content":{"rendered":"\n<figure class=\"wp-block-image size-large\"><img loading=\"lazy\" decoding=\"async\" width=\"1024\" height=\"684\" src=\"https:\/\/www.radiointeractivo.com.mx\/wp-content\/uploads\/2025\/08\/WhatsApp-Image-2025-08-14-at-2.28.44-PM-1024x684.jpeg\" alt=\"\" class=\"wp-image-17693\" srcset=\"https:\/\/www.radiointeractivo.com.mx\/wp-content\/uploads\/2025\/08\/WhatsApp-Image-2025-08-14-at-2.28.44-PM-1024x684.jpeg 1024w, https:\/\/www.radiointeractivo.com.mx\/wp-content\/uploads\/2025\/08\/WhatsApp-Image-2025-08-14-at-2.28.44-PM-300x200.jpeg 300w, https:\/\/www.radiointeractivo.com.mx\/wp-content\/uploads\/2025\/08\/WhatsApp-Image-2025-08-14-at-2.28.44-PM-768x513.jpeg 768w, https:\/\/www.radiointeractivo.com.mx\/wp-content\/uploads\/2025\/08\/WhatsApp-Image-2025-08-14-at-2.28.44-PM-1536x1026.jpeg 1536w, https:\/\/www.radiointeractivo.com.mx\/wp-content\/uploads\/2025\/08\/WhatsApp-Image-2025-08-14-at-2.28.44-PM.jpeg 1600w\" sizes=\"auto, (max-width: 1024px) 100vw, 1024px\" \/><\/figure>\n\n\n\n<p>Por: Staff | #NuevoLaredo #Laredo #NLD #Tamaulipas<\/p>\n\n\n\n<p>La Secretar\u00eda de Bienestar Social del Gobierno Municipal anunci\u00f3 la apertura de inscripciones para los Talleres de Oficio, una iniciativa que busca dotar a la ciudadan\u00eda de herramientas para emprender, mejorar sus ingresos o desarrollar nuevas habilidades.<\/p>\n\n\n\n<p>\u201cEs una oportunidad para que las y los neolaredenses aprendan nuevas habilidades que les permitan emprender, mejorar sus ingresos o desarrollar un nuevo talento\u201d, se\u00f1al\u00f3 la dependencia.<\/p>\n\n\n\n<p>Entre las capacitaciones disponibles se encuentran barbershop, panader\u00eda y reposter\u00eda, ingl\u00e9s, embellecimiento del rostro, masajes y spa, maquillaje y peinado, u\u00f1as, corte y confecci\u00f3n, colorimetr\u00eda, reposter\u00eda gourmet, arte en u\u00f1as, as\u00ed como mantenimiento e instalaci\u00f3n de mini splits, entre otros.<\/p>\n\n\n\n<p>Las inscripciones estar\u00e1n abiertas del lunes 11 de agosto al viernes 5 de septiembre. El registro podr\u00e1 realizarse de 12:00 p.m. a 7:00 p.m. en los Centros Comunitarios y TAMUL, y de 8:30 a.m. a 3:00 p.m. en las oficinas de la Secretar\u00eda de Bienestar Social. En el caso de los talleres que se impartir\u00e1n en la Cl\u00ednica UNE Valles de An\u00e1huac, el tr\u00e1mite ser\u00e1 exclusivamente en el Centro Comunitario de Villas de San Miguel.<\/p>\n\n\n\n<p>Para inscribirse, las y los interesados deber\u00e1n presentar dos copias de acta de nacimiento, CURP actualizado, comprobante de domicilio (no mayor a tres meses), credencial de elector o la de madre, padre o tutor en caso de ser menor de edad, certificado del \u00faltimo grado de estudios y cubrir una cuota \u00fanica de $100, que incluye todo el curso. La edad m\u00ednima para participar es de 15 a\u00f1os.<\/p>\n\n\n\n<p>La Secretar\u00eda de Bienestar Social invit\u00f3 a la ciudadan\u00eda a consultar las redes sociales oficiales para conocer sedes y horarios espec\u00edficos de cada taller.<\/p>\n","protected":false},"excerpt":{"rendered":"<p>Por: Staff | #NuevoLaredo #Laredo #NLD #Tamaulipas La Secretar\u00eda de Bienestar Social del Gobierno Municipal anunci\u00f3 la apertura de inscripciones para los Talleres de Oficio, una iniciativa que busca dotar a la ciudadan\u00eda de herramientas para emprender, mejorar sus ingresos o desarrollar nuevas habilidades. \u201cEs una oportunidad para que las y los neolaredenses aprendan nuevas &hellip;<\/p>\n","protected":false},"author":1,"featured_media":17693,"comment_status":"open","ping_status":"open","sticky":false,"template":"","format":"standard","meta":{"footnotes":""},"categories":[38],"tags":[],"class_list":["post-17692","post","type-post","status-publish","format-standard","has-post-thumbnail","","category-nuevo-laredo"],"_links":{"self":[{"href":"https:\/\/www.radiointeractivo.com.mx\/index.php?rest_route=\/wp\/v2\/posts\/17692","targetHints":{"allow":["GET"]}}],"collection":[{"href":"https:\/\/www.radiointeractivo.com.mx\/index.php?rest_route=\/wp\/v2\/posts"}],"about":[{"href":"https:\/\/www.radiointeractivo.com.mx\/index.php?rest_route=\/wp\/v2\/types\/post"}],"author":[{"embeddable":true,"href":"https:\/\/www.radiointeractivo.com.mx\/index.php?rest_route=\/wp\/v2\/users\/1"}],"replies":[{"embeddable":true,"href":"https:\/\/www.radiointeractivo.com.mx\/index.php?rest_route=%2Fwp%2Fv2%2Fcomments&post=17692"}],"version-history":[{"count":1,"href":"https:\/\/www.radiointeractivo.com.mx\/index.php?rest_route=\/wp\/v2\/posts\/17692\/revisions"}],"predecessor-version":[{"id":17694,"href":"https:\/\/www.radiointeractivo.com.mx\/index.php?rest_route=\/wp\/v2\/posts\/17692\/revisions\/17694"}],"wp:featuredmedia":[{"embeddable":true,"href":"https:\/\/www.radiointeractivo.com.mx\/index.php?rest_route=\/wp\/v2\/media\/17693"}],"wp:attachment":[{"href":"https:\/\/www.radiointeractivo.com.mx\/index.php?rest_route=%2Fwp%2Fv2%2Fmedia&parent=17692"}],"wp:term":[{"taxonomy":"category","embeddable":true,"href":"https:\/\/www.radiointeractivo.com.mx\/index.php?rest_route=%2Fwp%2Fv2%2Fcategories&post=17692"},{"taxonomy":"post_tag","embeddable":true,"href":"https:\/\/www.radiointeractivo.com.mx\/index.php?rest_route=%2Fwp%2Fv2%2Ftags&post=17692"}],"curies":[{"name":"wp","href":"https:\/\/api.w.org\/{rel}","templated":true}]}}