{"id":17689,"date":"2025-08-14T15:00:38","date_gmt":"2025-08-14T20:00:38","guid":{"rendered":"https:\/\/www.radiointeractivo.com.mx\/?p=17689"},"modified":"2025-08-14T15:00:40","modified_gmt":"2025-08-14T20:00:40","slug":"invitan-a-participar-en-la-cuarta-jornada-del-concurso-de-karaoke-cantando-en-el-mercado","status":"publish","type":"post","link":"https:\/\/www.radiointeractivo.com.mx\/?p=17689","title":{"rendered":"Invitan a participar en la cuarta jornada del concurso de karaoke \u201cCantando en el Mercado\u201d"},"content":{"rendered":"\n<figure class=\"wp-block-image size-large\"><img loading=\"lazy\" decoding=\"async\" width=\"1024\" height=\"684\" src=\"https:\/\/www.radiointeractivo.com.mx\/wp-content\/uploads\/2025\/08\/WhatsApp-Image-2025-08-14-at-2.28.04-PM-1024x684.jpeg\" alt=\"\" class=\"wp-image-17690\" srcset=\"https:\/\/www.radiointeractivo.com.mx\/wp-content\/uploads\/2025\/08\/WhatsApp-Image-2025-08-14-at-2.28.04-PM-1024x684.jpeg 1024w, https:\/\/www.radiointeractivo.com.mx\/wp-content\/uploads\/2025\/08\/WhatsApp-Image-2025-08-14-at-2.28.04-PM-300x200.jpeg 300w, https:\/\/www.radiointeractivo.com.mx\/wp-content\/uploads\/2025\/08\/WhatsApp-Image-2025-08-14-at-2.28.04-PM-768x513.jpeg 768w, https:\/\/www.radiointeractivo.com.mx\/wp-content\/uploads\/2025\/08\/WhatsApp-Image-2025-08-14-at-2.28.04-PM-1536x1026.jpeg 1536w, https:\/\/www.radiointeractivo.com.mx\/wp-content\/uploads\/2025\/08\/WhatsApp-Image-2025-08-14-at-2.28.04-PM.jpeg 1600w\" sizes=\"auto, (max-width: 1024px) 100vw, 1024px\" \/><\/figure>\n\n\n\n<p>Por: Staff | #NuevoLaredo #Laredo #NLD #Tamaulipas<\/p>\n\n\n\n<p>La Direcci\u00f3n de Turismo de Nuevo Laredo invita a la ciudadan\u00eda a disfrutar y participar en la cuarta jornada del concurso de karaoke \u201cCantando en el Mercado\u201d, una actividad que busca promover el talento local y fortalecer la convivencia en espacios tradicionales de la ciudad.<\/p>\n\n\n\n<p>El evento se llevar\u00e1 a cabo el pr\u00f3ximo s\u00e1bado 16 de agosto a las 7:00 de la tarde en el Mercado Maclovio Herrera, ubicado en avenida Guerrero y calle Belden. Durante la jornada, el p\u00fablico podr\u00e1 disfrutar de interpretaciones en vivo en un ambiente familiar y de sana diversi\u00f3n.<\/p>\n\n\n\n<p>La convocatoria contin\u00faa abierta para quienes deseen demostrar sus habilidades vocales. Las inscripciones est\u00e1n disponibles de lunes a viernes, de 8:00 a.m. a 3:30 p.m., a trav\u00e9s del n\u00famero telef\u00f3nico 867 713 7020.<\/p>\n\n\n\n<p>Desde la Direcci\u00f3n de Turismo se destac\u00f3 que el objetivo principal del concurso es \u201cfomentar la convivencia, impulsar el talento local y promover los espacios tradicionales de la ciudad como puntos de encuentro cultural\u201d.<\/p>\n","protected":false},"excerpt":{"rendered":"<p>Por: Staff | #NuevoLaredo #Laredo #NLD #Tamaulipas La Direcci\u00f3n de Turismo de Nuevo Laredo invita a la ciudadan\u00eda a disfrutar y participar en la cuarta jornada del concurso de karaoke \u201cCantando en el Mercado\u201d, una actividad que busca promover el talento local y fortalecer la convivencia en espacios tradicionales de la ciudad. El evento se &hellip;<\/p>\n","protected":false},"author":1,"featured_media":17690,"comment_status":"open","ping_status":"open","sticky":false,"template":"","format":"standard","meta":{"footnotes":""},"categories":[38],"tags":[],"class_list":["post-17689","post","type-post","status-publish","format-standard","has-post-thumbnail","","category-nuevo-laredo"],"_links":{"self":[{"href":"https:\/\/www.radiointeractivo.com.mx\/index.php?rest_route=\/wp\/v2\/posts\/17689","targetHints":{"allow":["GET"]}}],"collection":[{"href":"https:\/\/www.radiointeractivo.com.mx\/index.php?rest_route=\/wp\/v2\/posts"}],"about":[{"href":"https:\/\/www.radiointeractivo.com.mx\/index.php?rest_route=\/wp\/v2\/types\/post"}],"author":[{"embeddable":true,"href":"https:\/\/www.radiointeractivo.com.mx\/index.php?rest_route=\/wp\/v2\/users\/1"}],"replies":[{"embeddable":true,"href":"https:\/\/www.radiointeractivo.com.mx\/index.php?rest_route=%2Fwp%2Fv2%2Fcomments&post=17689"}],"version-history":[{"count":1,"href":"https:\/\/www.radiointeractivo.com.mx\/index.php?rest_route=\/wp\/v2\/posts\/17689\/revisions"}],"predecessor-version":[{"id":17691,"href":"https:\/\/www.radiointeractivo.com.mx\/index.php?rest_route=\/wp\/v2\/posts\/17689\/revisions\/17691"}],"wp:featuredmedia":[{"embeddable":true,"href":"https:\/\/www.radiointeractivo.com.mx\/index.php?rest_route=\/wp\/v2\/media\/17690"}],"wp:attachment":[{"href":"https:\/\/www.radiointeractivo.com.mx\/index.php?rest_route=%2Fwp%2Fv2%2Fmedia&parent=17689"}],"wp:term":[{"taxonomy":"category","embeddable":true,"href":"https:\/\/www.radiointeractivo.com.mx\/index.php?rest_route=%2Fwp%2Fv2%2Fcategories&post=17689"},{"taxonomy":"post_tag","embeddable":true,"href":"https:\/\/www.radiointeractivo.com.mx\/index.php?rest_route=%2Fwp%2Fv2%2Ftags&post=17689"}],"curies":[{"name":"wp","href":"https:\/\/api.w.org\/{rel}","templated":true}]}}