{"id":17684,"date":"2025-08-13T17:00:54","date_gmt":"2025-08-13T22:00:54","guid":{"rendered":"https:\/\/www.radiointeractivo.com.mx\/?p=17684"},"modified":"2025-08-13T17:00:59","modified_gmt":"2025-08-13T22:00:59","slug":"mas-de-2-mil-personas-asisten-a-la-3ra-feria-del-empleo-2025-en-nuevo-laredo","status":"publish","type":"post","link":"https:\/\/www.radiointeractivo.com.mx\/?p=17684","title":{"rendered":"M\u00e1s de 2 mil personas asisten a la 3ra Feria del Empleo 2025 en Nuevo Laredo"},"content":{"rendered":"\n<figure class=\"wp-block-image size-large\"><img loading=\"lazy\" decoding=\"async\" width=\"1024\" height=\"685\" src=\"https:\/\/www.radiointeractivo.com.mx\/wp-content\/uploads\/2025\/08\/WhatsApp-Image-2025-08-13-at-4.23.16-PM-1-1024x685.jpeg\" alt=\"\" class=\"wp-image-17685\" srcset=\"https:\/\/www.radiointeractivo.com.mx\/wp-content\/uploads\/2025\/08\/WhatsApp-Image-2025-08-13-at-4.23.16-PM-1-1024x685.jpeg 1024w, https:\/\/www.radiointeractivo.com.mx\/wp-content\/uploads\/2025\/08\/WhatsApp-Image-2025-08-13-at-4.23.16-PM-1-300x201.jpeg 300w, https:\/\/www.radiointeractivo.com.mx\/wp-content\/uploads\/2025\/08\/WhatsApp-Image-2025-08-13-at-4.23.16-PM-1-768x514.jpeg 768w, https:\/\/www.radiointeractivo.com.mx\/wp-content\/uploads\/2025\/08\/WhatsApp-Image-2025-08-13-at-4.23.16-PM-1-1536x1027.jpeg 1536w, https:\/\/www.radiointeractivo.com.mx\/wp-content\/uploads\/2025\/08\/WhatsApp-Image-2025-08-13-at-4.23.16-PM-1-110x75.jpeg 110w, https:\/\/www.radiointeractivo.com.mx\/wp-content\/uploads\/2025\/08\/WhatsApp-Image-2025-08-13-at-4.23.16-PM-1.jpeg 1600w\" sizes=\"auto, (max-width: 1024px) 100vw, 1024px\" \/><\/figure>\n\n\n\n<p>Por: Staff | #NuevoLaredo #Laredo #NLD #Tamaulipas<\/p>\n\n\n\n<p>Con una participaci\u00f3n superior a las 2 mil personas y m\u00e1s de 80 empresas ofertando vacantes, el Gobierno Municipal de Nuevo Laredo llev\u00f3 a cabo con \u00e9xito la tercera edici\u00f3n de la Feria del Empleo 2025. La jornada, celebrada en el Centro C\u00edvico, forma parte de las acciones que encabeza la presidenta municipal Carmen Lilia Canturosas Villarreal para fomentar el desarrollo econ\u00f3mico y la generaci\u00f3n de empleos en la ciudad.<\/p>\n\n\n\n<p>En esta edici\u00f3n se ofrecieron cerca de mil 500 vacantes en diversas \u00e1reas, que incluyeron desde puestos operativos hasta perfiles profesionales, brindando a los asistentes la oportunidad de establecer contacto directo con empresas del sector maquilador, transporte, comercio, servicios y agencias aduanales.<\/p>\n\n\n\n<p>La alcaldesa resalt\u00f3 la importancia de estas ferias para el fortalecimiento de la econom\u00eda local.<\/p>\n\n\n\n<p>\u201cQuiero agradecer a todas las empresas que participan y que hacen equipo con el gobierno municipal; este evento no hubiera sido posible sin la buena sinergia con el sector empresarial. Estoy segura de que muchos de los asistentes hoy saldr\u00e1n con un nuevo empleo\u201d, afirm\u00f3 Canturosas Villarreal.<\/p>\n\n\n\n<p>De acuerdo con la presidenta municipal, las dos ediciones anteriores, realizadas en enero y mayo de este a\u00f1o, lograron vincular laboralmente a m\u00e1s de 3 mil 700 personas. La primera feria del a\u00f1o permiti\u00f3 colocar a 2 mil 165 solicitantes, mientras que en la segunda se logr\u00f3 la vinculaci\u00f3n de mil 600 trabajadores, con una asistencia de 2 mil 200 personas.<\/p>\n\n\n\n<p>La Feria del Empleo se consolida como una estrategia municipal para facilitar la inserci\u00f3n laboral de la ciudadan\u00eda y reforzar el desarrollo econ\u00f3mico de Nuevo Laredo.<\/p>\n\n\n\n<p>Durante el evento, Canturosas Villarreal estuvo acompa\u00f1ada por la secretaria de Desarrollo Econ\u00f3mico, Lorena Cavazos Mu\u00f1oz, integrantes del Cabildo y funcionarios municipales, quienes reiteraron su respaldo a las acciones que promueven el crecimiento econ\u00f3mico y la generaci\u00f3n de empleo en la ciudad.<\/p>\n","protected":false},"excerpt":{"rendered":"<p>Por: Staff | #NuevoLaredo #Laredo #NLD #Tamaulipas Con una participaci\u00f3n superior a las 2 mil personas y m\u00e1s de 80 empresas ofertando vacantes, el Gobierno Municipal de Nuevo Laredo llev\u00f3 a cabo con \u00e9xito la tercera edici\u00f3n de la Feria del Empleo 2025. La jornada, celebrada en el Centro C\u00edvico, forma parte de las acciones &hellip;<\/p>\n","protected":false},"author":1,"featured_media":17686,"comment_status":"open","ping_status":"open","sticky":false,"template":"","format":"standard","meta":{"footnotes":""},"categories":[38],"tags":[],"class_list":["post-17684","post","type-post","status-publish","format-standard","has-post-thumbnail","","category-nuevo-laredo"],"_links":{"self":[{"href":"https:\/\/www.radiointeractivo.com.mx\/index.php?rest_route=\/wp\/v2\/posts\/17684","targetHints":{"allow":["GET"]}}],"collection":[{"href":"https:\/\/www.radiointeractivo.com.mx\/index.php?rest_route=\/wp\/v2\/posts"}],"about":[{"href":"https:\/\/www.radiointeractivo.com.mx\/index.php?rest_route=\/wp\/v2\/types\/post"}],"author":[{"embeddable":true,"href":"https:\/\/www.radiointeractivo.com.mx\/index.php?rest_route=\/wp\/v2\/users\/1"}],"replies":[{"embeddable":true,"href":"https:\/\/www.radiointeractivo.com.mx\/index.php?rest_route=%2Fwp%2Fv2%2Fcomments&post=17684"}],"version-history":[{"count":1,"href":"https:\/\/www.radiointeractivo.com.mx\/index.php?rest_route=\/wp\/v2\/posts\/17684\/revisions"}],"predecessor-version":[{"id":17687,"href":"https:\/\/www.radiointeractivo.com.mx\/index.php?rest_route=\/wp\/v2\/posts\/17684\/revisions\/17687"}],"wp:featuredmedia":[{"embeddable":true,"href":"https:\/\/www.radiointeractivo.com.mx\/index.php?rest_route=\/wp\/v2\/media\/17686"}],"wp:attachment":[{"href":"https:\/\/www.radiointeractivo.com.mx\/index.php?rest_route=%2Fwp%2Fv2%2Fmedia&parent=17684"}],"wp:term":[{"taxonomy":"category","embeddable":true,"href":"https:\/\/www.radiointeractivo.com.mx\/index.php?rest_route=%2Fwp%2Fv2%2Fcategories&post=17684"},{"taxonomy":"post_tag","embeddable":true,"href":"https:\/\/www.radiointeractivo.com.mx\/index.php?rest_route=%2Fwp%2Fv2%2Ftags&post=17684"}],"curies":[{"name":"wp","href":"https:\/\/api.w.org\/{rel}","templated":true}]}}