{"id":17681,"date":"2025-08-13T16:40:04","date_gmt":"2025-08-13T21:40:04","guid":{"rendered":"https:\/\/www.radiointeractivo.com.mx\/?p=17681"},"modified":"2025-08-13T16:40:06","modified_gmt":"2025-08-13T21:40:06","slug":"dif-nuevo-laredo-celebrara-a-personas-adultas-mayores-con-brigada-medica-gratuita","status":"publish","type":"post","link":"https:\/\/www.radiointeractivo.com.mx\/?p=17681","title":{"rendered":"DIF Nuevo Laredo celebrar\u00e1 a personas adultas mayores con brigada m\u00e9dica gratuita"},"content":{"rendered":"\n<figure class=\"wp-block-image size-large\"><img loading=\"lazy\" decoding=\"async\" width=\"1024\" height=\"684\" src=\"https:\/\/www.radiointeractivo.com.mx\/wp-content\/uploads\/2025\/08\/WhatsApp-Image-2025-08-13-at-3.12.44-PM-1024x684.jpeg\" alt=\"\" class=\"wp-image-17682\" srcset=\"https:\/\/www.radiointeractivo.com.mx\/wp-content\/uploads\/2025\/08\/WhatsApp-Image-2025-08-13-at-3.12.44-PM-1024x684.jpeg 1024w, https:\/\/www.radiointeractivo.com.mx\/wp-content\/uploads\/2025\/08\/WhatsApp-Image-2025-08-13-at-3.12.44-PM-300x200.jpeg 300w, https:\/\/www.radiointeractivo.com.mx\/wp-content\/uploads\/2025\/08\/WhatsApp-Image-2025-08-13-at-3.12.44-PM-768x513.jpeg 768w, https:\/\/www.radiointeractivo.com.mx\/wp-content\/uploads\/2025\/08\/WhatsApp-Image-2025-08-13-at-3.12.44-PM.jpeg 1280w\" sizes=\"auto, (max-width: 1024px) 100vw, 1024px\" \/><\/figure>\n\n\n\n<p>Por: Staff | #NuevoLaredo #Laredo #NLD #Tamaulipas<\/p>\n\n\n\n<p>En el marco del D\u00eda de los Abuelos en M\u00e9xico, el Sistema para el Desarrollo Integral de la Familia (DIF) Nuevo Laredo realizar\u00e1 una brigada m\u00e9dica gratuita dirigida a personas adultas mayores de 60 a\u00f1os, como parte de una jornada enfocada en su salud, bienestar y reconocimiento social.<\/p>\n\n\n\n<p>La brigada se llevar\u00e1 a cabo el jueves 22 de agosto, de 9:00 de la ma\u00f1ana a 3:00 de la tarde, en la Casa Club del Adulto Mayor DIF. Durante este evento, se ofrecer\u00e1n diversos servicios m\u00e9dicos y actividades gratuitas, con el objetivo de fortalecer la atenci\u00f3n integral a este sector de la poblaci\u00f3n.<\/p>\n\n\n\n<p>La presidenta del Sistema DIF, Claudette Canturosas Villarreal, destac\u00f3 que esta iniciativa busca rendir homenaje a quienes han dedicado toda una vida a la comunidad.<br>\u201cQueremos que nuestras y nuestros adultos mayores sepan que no est\u00e1n solos; en el DIF seguimos trabajando para que vivan con salud, dignidad y alegr\u00eda\u201d, expres\u00f3.<\/p>\n\n\n\n<p>Entre los servicios m\u00e9dicos disponibles se encuentran consultas en geriatr\u00eda, neurolog\u00eda, traumatolog\u00eda, medicina general, odontolog\u00eda y urolog\u00eda (esta \u00faltima de 11:00 a 13:00 horas). Tambi\u00e9n se ofrecer\u00e1n estudios como densitometr\u00eda para detecci\u00f3n de osteoporosis, toma de presi\u00f3n arterial y glucosa, ultrasonidos, valoraciones nutricionales, as\u00ed como gesti\u00f3n de citas para mastograf\u00edas a bajo costo y lentes a precios accesibles.<\/p>\n\n\n\n<p>La jornada contar\u00e1 con el apoyo de la Jurisdicci\u00f3n Sanitaria No. V para la aplicaci\u00f3n de vacunas y la realizaci\u00f3n de electrocardiogramas, fortaleciendo la atenci\u00f3n multidisciplinaria.<\/p>\n\n\n\n<p>Adem\u00e1s de los servicios m\u00e9dicos, habr\u00e1 asesor\u00eda jur\u00eddica a trav\u00e9s de la Procuradur\u00eda del Adulto Mayor del DIF, atenci\u00f3n psicol\u00f3gica, cortes de cabello y un m\u00f3dulo para tramitar la tarjeta del Instituto Nacional de las Personas Adultas Mayores (INAPAM).<\/p>\n\n\n\n<p>Durante la celebraci\u00f3n, las personas asistentes tambi\u00e9n podr\u00e1n inscribirse en talleres permanentes de la Casa Club del Adulto Mayor, como danza, manualidades, pintura, coro, guitarra, taich\u00ed, cachibol, bordado, fotograf\u00eda, yoga y ritmos, promoviendo as\u00ed el desarrollo integral y la participaci\u00f3n activa.<\/p>\n\n\n\n<p>El DIF Nuevo Laredo hace un llamado a todas las personas adultas mayores de 60 a\u00f1os o m\u00e1s a participar en esta brigada especial, que representa una oportunidad de recibir atenci\u00f3n m\u00e9dica integral, convivir y celebrar su papel fundamental en la sociedad.<\/p>\n","protected":false},"excerpt":{"rendered":"<p>Por: Staff | #NuevoLaredo #Laredo #NLD #Tamaulipas En el marco del D\u00eda de los Abuelos en M\u00e9xico, el Sistema para el Desarrollo Integral de la Familia (DIF) Nuevo Laredo realizar\u00e1 una brigada m\u00e9dica gratuita dirigida a personas adultas mayores de 60 a\u00f1os, como parte de una jornada enfocada en su salud, bienestar y reconocimiento social. &hellip;<\/p>\n","protected":false},"author":1,"featured_media":17682,"comment_status":"open","ping_status":"open","sticky":false,"template":"","format":"standard","meta":{"footnotes":""},"categories":[38],"tags":[],"class_list":["post-17681","post","type-post","status-publish","format-standard","has-post-thumbnail","","category-nuevo-laredo"],"_links":{"self":[{"href":"https:\/\/www.radiointeractivo.com.mx\/index.php?rest_route=\/wp\/v2\/posts\/17681","targetHints":{"allow":["GET"]}}],"collection":[{"href":"https:\/\/www.radiointeractivo.com.mx\/index.php?rest_route=\/wp\/v2\/posts"}],"about":[{"href":"https:\/\/www.radiointeractivo.com.mx\/index.php?rest_route=\/wp\/v2\/types\/post"}],"author":[{"embeddable":true,"href":"https:\/\/www.radiointeractivo.com.mx\/index.php?rest_route=\/wp\/v2\/users\/1"}],"replies":[{"embeddable":true,"href":"https:\/\/www.radiointeractivo.com.mx\/index.php?rest_route=%2Fwp%2Fv2%2Fcomments&post=17681"}],"version-history":[{"count":1,"href":"https:\/\/www.radiointeractivo.com.mx\/index.php?rest_route=\/wp\/v2\/posts\/17681\/revisions"}],"predecessor-version":[{"id":17683,"href":"https:\/\/www.radiointeractivo.com.mx\/index.php?rest_route=\/wp\/v2\/posts\/17681\/revisions\/17683"}],"wp:featuredmedia":[{"embeddable":true,"href":"https:\/\/www.radiointeractivo.com.mx\/index.php?rest_route=\/wp\/v2\/media\/17682"}],"wp:attachment":[{"href":"https:\/\/www.radiointeractivo.com.mx\/index.php?rest_route=%2Fwp%2Fv2%2Fmedia&parent=17681"}],"wp:term":[{"taxonomy":"category","embeddable":true,"href":"https:\/\/www.radiointeractivo.com.mx\/index.php?rest_route=%2Fwp%2Fv2%2Fcategories&post=17681"},{"taxonomy":"post_tag","embeddable":true,"href":"https:\/\/www.radiointeractivo.com.mx\/index.php?rest_route=%2Fwp%2Fv2%2Ftags&post=17681"}],"curies":[{"name":"wp","href":"https:\/\/api.w.org\/{rel}","templated":true}]}}