{"id":17671,"date":"2025-08-12T15:19:52","date_gmt":"2025-08-12T20:19:52","guid":{"rendered":"https:\/\/www.radiointeractivo.com.mx\/?p=17671"},"modified":"2025-08-12T15:19:54","modified_gmt":"2025-08-12T20:19:54","slug":"arranca-programa-pinta-tu-fachada-para-mejorar-imagen-urbana-de-nuevo-laredo","status":"publish","type":"post","link":"https:\/\/www.radiointeractivo.com.mx\/?p=17671","title":{"rendered":"Arranca programa \u201cPinta tu Fachada\u201d para mejorar imagen urbana de Nuevo Laredo"},"content":{"rendered":"\n<figure class=\"wp-block-image size-large\"><img loading=\"lazy\" decoding=\"async\" width=\"1024\" height=\"683\" src=\"https:\/\/www.radiointeractivo.com.mx\/wp-content\/uploads\/2025\/08\/WhatsApp-Image-2025-08-12-at-2.05.44-PM-1-1024x683.jpeg\" alt=\"\" class=\"wp-image-17672\" srcset=\"https:\/\/www.radiointeractivo.com.mx\/wp-content\/uploads\/2025\/08\/WhatsApp-Image-2025-08-12-at-2.05.44-PM-1-1024x683.jpeg 1024w, https:\/\/www.radiointeractivo.com.mx\/wp-content\/uploads\/2025\/08\/WhatsApp-Image-2025-08-12-at-2.05.44-PM-1-300x200.jpeg 300w, https:\/\/www.radiointeractivo.com.mx\/wp-content\/uploads\/2025\/08\/WhatsApp-Image-2025-08-12-at-2.05.44-PM-1-768x512.jpeg 768w, https:\/\/www.radiointeractivo.com.mx\/wp-content\/uploads\/2025\/08\/WhatsApp-Image-2025-08-12-at-2.05.44-PM-1.jpeg 1440w\" sizes=\"auto, (max-width: 1024px) 100vw, 1024px\" \/><\/figure>\n\n\n\n<p>Por: Staff | #NuevoLaredo #Laredo #NLD #Tamaulipas<\/p>\n\n\n\n<p>La presidenta municipal de Nuevo Laredo, Carmen Lilia Canturosas Villarreal, puso en marcha el programa \u201cPinta tu Fachada\u201d, impulsado por el Instituto Municipal de Vivienda y Suelo Urbano (IMVISU), con el objetivo de transformar la imagen urbana, apoyar la econom\u00eda familiar y dar nueva vida a viviendas, negocios y espacios educativos.<\/p>\n\n\n\n<p>El arranque simb\u00f3lico se realiz\u00f3 en los edificios multifamiliares de la avenida Reforma, que recibir\u00e1n mantenimiento y pintura por primera vez en m\u00e1s de 60 a\u00f1os. El proyecto tambi\u00e9n contempla beneficiar a instituciones educativas como el Tecnol\u00f3gico de Nuevo Laredo y la Universidad Tecnol\u00f3gica, as\u00ed como a negocios que se han inscrito en la iniciativa.<\/p>\n\n\n\n<p>\u201cEl programa \u2018Pinta tu Fachada\u2019 es un abrazo colectivo para transformar los espacios que compartimos; las casas donde crecen nuestros hijos, los negocios que sostienen a nuestras familias y las escuelas donde se forjan nuestros sue\u00f1os. Cada brochazo que demos ser\u00e1 un paso hacia una ciudad que nos inspire, que nos haga sonre\u00edr al caminarla y que demuestre al mundo que aqu\u00ed vivimos con dignidad\u201d, expres\u00f3 Canturosas Villarreal.<\/p>\n\n\n\n<p>La alcaldesa se\u00f1al\u00f3 que el IMVISU ofrecer\u00e1 materiales accesibles, presupuestos personalizados y facilidades de pago, con el fin de que \u201cnadie se quede atr\u00e1s\u201d en este proceso de mejora urbana.<\/p>\n\n\n\n<p>Vecinos de los multifamiliares agradecieron la iniciativa. \u201cYo he vivido aqu\u00ed m\u00e1s de 30 a\u00f1os y para m\u00ed y mis vecinos representa algo muy valioso esta nueva imagen que van a darle. Nos motiva gratamente integrarnos al mejoramiento de la imagen urbana de la ciudad\u201d, coment\u00f3 Mar\u00eda Margarita Salda\u00f1a.<\/p>\n\n\n\n<p>El programa ofrece pintura, materiales y mano de obra a bajo costo. Para acceder, los interesados pueden acudir a las oficinas del IMVISU, en H\u00e9roe de Nacataz 2621, Sector Centro, o enviar un mensaje de WhatsApp al 867-463-0018 para agendar una visita y recibir asesor\u00eda. El proceso incluye la medici\u00f3n de la fachada, elaboraci\u00f3n de un presupuesto y opciones de pago en parcialidades.<\/p>\n\n\n\n<p>En la ceremonia de arranque estuvieron presentes el director del IMVISU, Carlos Montiel Saeb, integrantes del Cabildo y funcionarios municipales.<\/p>\n","protected":false},"excerpt":{"rendered":"<p>Por: Staff | #NuevoLaredo #Laredo #NLD #Tamaulipas La presidenta municipal de Nuevo Laredo, Carmen Lilia Canturosas Villarreal, puso en marcha el programa \u201cPinta tu Fachada\u201d, impulsado por el Instituto Municipal de Vivienda y Suelo Urbano (IMVISU), con el objetivo de transformar la imagen urbana, apoyar la econom\u00eda familiar y dar nueva vida a viviendas, negocios &hellip;<\/p>\n","protected":false},"author":1,"featured_media":17673,"comment_status":"open","ping_status":"open","sticky":false,"template":"","format":"standard","meta":{"footnotes":""},"categories":[38],"tags":[],"class_list":["post-17671","post","type-post","status-publish","format-standard","has-post-thumbnail","","category-nuevo-laredo"],"_links":{"self":[{"href":"https:\/\/www.radiointeractivo.com.mx\/index.php?rest_route=\/wp\/v2\/posts\/17671","targetHints":{"allow":["GET"]}}],"collection":[{"href":"https:\/\/www.radiointeractivo.com.mx\/index.php?rest_route=\/wp\/v2\/posts"}],"about":[{"href":"https:\/\/www.radiointeractivo.com.mx\/index.php?rest_route=\/wp\/v2\/types\/post"}],"author":[{"embeddable":true,"href":"https:\/\/www.radiointeractivo.com.mx\/index.php?rest_route=\/wp\/v2\/users\/1"}],"replies":[{"embeddable":true,"href":"https:\/\/www.radiointeractivo.com.mx\/index.php?rest_route=%2Fwp%2Fv2%2Fcomments&post=17671"}],"version-history":[{"count":1,"href":"https:\/\/www.radiointeractivo.com.mx\/index.php?rest_route=\/wp\/v2\/posts\/17671\/revisions"}],"predecessor-version":[{"id":17674,"href":"https:\/\/www.radiointeractivo.com.mx\/index.php?rest_route=\/wp\/v2\/posts\/17671\/revisions\/17674"}],"wp:featuredmedia":[{"embeddable":true,"href":"https:\/\/www.radiointeractivo.com.mx\/index.php?rest_route=\/wp\/v2\/media\/17673"}],"wp:attachment":[{"href":"https:\/\/www.radiointeractivo.com.mx\/index.php?rest_route=%2Fwp%2Fv2%2Fmedia&parent=17671"}],"wp:term":[{"taxonomy":"category","embeddable":true,"href":"https:\/\/www.radiointeractivo.com.mx\/index.php?rest_route=%2Fwp%2Fv2%2Fcategories&post=17671"},{"taxonomy":"post_tag","embeddable":true,"href":"https:\/\/www.radiointeractivo.com.mx\/index.php?rest_route=%2Fwp%2Fv2%2Ftags&post=17671"}],"curies":[{"name":"wp","href":"https:\/\/api.w.org\/{rel}","templated":true}]}}