{"id":17667,"date":"2025-08-12T14:51:31","date_gmt":"2025-08-12T19:51:31","guid":{"rendered":"https:\/\/www.radiointeractivo.com.mx\/?p=17667"},"modified":"2025-08-12T14:51:33","modified_gmt":"2025-08-12T19:51:33","slug":"refuerzan-transporte-publico-en-el-poniente-con-siete-nuevos-camiones-urbanos","status":"publish","type":"post","link":"https:\/\/www.radiointeractivo.com.mx\/?p=17667","title":{"rendered":"Refuerzan transporte p\u00fablico en el poniente con siete nuevos camiones urbanos"},"content":{"rendered":"\n<figure class=\"wp-block-image size-large\"><img loading=\"lazy\" decoding=\"async\" width=\"1024\" height=\"683\" src=\"https:\/\/www.radiointeractivo.com.mx\/wp-content\/uploads\/2025\/08\/WhatsApp-Image-2025-08-12-at-1.40.21-PM-2-1024x683.jpeg\" alt=\"\" class=\"wp-image-17668\" srcset=\"https:\/\/www.radiointeractivo.com.mx\/wp-content\/uploads\/2025\/08\/WhatsApp-Image-2025-08-12-at-1.40.21-PM-2-1024x683.jpeg 1024w, https:\/\/www.radiointeractivo.com.mx\/wp-content\/uploads\/2025\/08\/WhatsApp-Image-2025-08-12-at-1.40.21-PM-2-300x200.jpeg 300w, https:\/\/www.radiointeractivo.com.mx\/wp-content\/uploads\/2025\/08\/WhatsApp-Image-2025-08-12-at-1.40.21-PM-2-768x512.jpeg 768w, https:\/\/www.radiointeractivo.com.mx\/wp-content\/uploads\/2025\/08\/WhatsApp-Image-2025-08-12-at-1.40.21-PM-2.jpeg 1440w\" sizes=\"auto, (max-width: 1024px) 100vw, 1024px\" \/><\/figure>\n\n\n\n<p>Por: Staff | #NuevoLaredo #Laredo #NLD #Tamaulipas<\/p>\n\n\n\n<p>La presidenta municipal de Nuevo Laredo, Carmen Lilia Canturosas Villarreal, dio el banderazo de salida a siete nuevos camiones urbanos que reforzar\u00e1n el servicio de transporte en la Ruta Express y en rutas comunes que atienden al poniente de la ciudad. El objetivo, dijo, es ofrecer un servicio \u201cdigno, eficiente y \u00e1gil\u201d a las familias neolaredenses.<\/p>\n\n\n\n<p>Estas unidades forman parte del Convenio para la Modernizaci\u00f3n del Transporte Urbano, impulsado por el Gobierno Municipal en coordinaci\u00f3n con concesionarios, con el fin de mejorar la movilidad y el servicio para los usuarios.<\/p>\n\n\n\n<p>\u201cHoy sumamos m\u00e1s unidades que mejorar\u00e1n la movilidad y la calidad de vida de nuestra gente. Este es un compromiso firme de mi gobierno con el apoyo del gobernador Am\u00e9rico Villarreal, para ofrecer un transporte p\u00fablico digno, seguro y accesible para todos\u201d, se\u00f1al\u00f3 Canturosas Villarreal.<\/p>\n\n\n\n<p>En el arranque oficial estuvieron presentes el delegado de transporte p\u00fablico, Gilberto Mart\u00ednez Arcega, integrantes del Cabildo y concesionarios, quienes realizaron un recorrido a bordo de una de las nuevas unidades.<\/p>\n\n\n\n<p>La Ruta Express comenz\u00f3 a operar el 4 de agosto con dos trayectos que conectan las colonias Villas de San Miguel y Valles de An\u00e1huac con el Centro de la ciudad, y ha recibido una respuesta positiva de los usuarios en su primera semana.<\/p>\n\n\n\n<p>La alcaldesa adelant\u00f3 que ya se realizan estudios para implementar una nueva Ruta Express al sur, que atender\u00e1 a los sectores ubicados en la zona de los kil\u00f3metros.<\/p>\n","protected":false},"excerpt":{"rendered":"<p>Por: Staff | #NuevoLaredo #Laredo #NLD #Tamaulipas La presidenta municipal de Nuevo Laredo, Carmen Lilia Canturosas Villarreal, dio el banderazo de salida a siete nuevos camiones urbanos que reforzar\u00e1n el servicio de transporte en la Ruta Express y en rutas comunes que atienden al poniente de la ciudad. El objetivo, dijo, es ofrecer un servicio &hellip;<\/p>\n","protected":false},"author":1,"featured_media":17669,"comment_status":"open","ping_status":"open","sticky":false,"template":"","format":"standard","meta":{"footnotes":""},"categories":[38],"tags":[],"class_list":["post-17667","post","type-post","status-publish","format-standard","has-post-thumbnail","","category-nuevo-laredo"],"_links":{"self":[{"href":"https:\/\/www.radiointeractivo.com.mx\/index.php?rest_route=\/wp\/v2\/posts\/17667","targetHints":{"allow":["GET"]}}],"collection":[{"href":"https:\/\/www.radiointeractivo.com.mx\/index.php?rest_route=\/wp\/v2\/posts"}],"about":[{"href":"https:\/\/www.radiointeractivo.com.mx\/index.php?rest_route=\/wp\/v2\/types\/post"}],"author":[{"embeddable":true,"href":"https:\/\/www.radiointeractivo.com.mx\/index.php?rest_route=\/wp\/v2\/users\/1"}],"replies":[{"embeddable":true,"href":"https:\/\/www.radiointeractivo.com.mx\/index.php?rest_route=%2Fwp%2Fv2%2Fcomments&post=17667"}],"version-history":[{"count":1,"href":"https:\/\/www.radiointeractivo.com.mx\/index.php?rest_route=\/wp\/v2\/posts\/17667\/revisions"}],"predecessor-version":[{"id":17670,"href":"https:\/\/www.radiointeractivo.com.mx\/index.php?rest_route=\/wp\/v2\/posts\/17667\/revisions\/17670"}],"wp:featuredmedia":[{"embeddable":true,"href":"https:\/\/www.radiointeractivo.com.mx\/index.php?rest_route=\/wp\/v2\/media\/17669"}],"wp:attachment":[{"href":"https:\/\/www.radiointeractivo.com.mx\/index.php?rest_route=%2Fwp%2Fv2%2Fmedia&parent=17667"}],"wp:term":[{"taxonomy":"category","embeddable":true,"href":"https:\/\/www.radiointeractivo.com.mx\/index.php?rest_route=%2Fwp%2Fv2%2Fcategories&post=17667"},{"taxonomy":"post_tag","embeddable":true,"href":"https:\/\/www.radiointeractivo.com.mx\/index.php?rest_route=%2Fwp%2Fv2%2Ftags&post=17667"}],"curies":[{"name":"wp","href":"https:\/\/api.w.org\/{rel}","templated":true}]}}