{"id":17664,"date":"2025-08-12T14:32:19","date_gmt":"2025-08-12T19:32:19","guid":{"rendered":"https:\/\/www.radiointeractivo.com.mx\/?p=17664"},"modified":"2025-08-12T14:32:21","modified_gmt":"2025-08-12T19:32:21","slug":"concluyen-curso-de-computacion-en-la-infoteca-sor-juana-ines-de-la-cruz","status":"publish","type":"post","link":"https:\/\/www.radiointeractivo.com.mx\/?p=17664","title":{"rendered":"Concluyen curso de computaci\u00f3n en la Infoteca \u201cSor Juana In\u00e9s de la Cruz\u201d"},"content":{"rendered":"\n<figure class=\"wp-block-image size-large\"><img loading=\"lazy\" decoding=\"async\" width=\"1024\" height=\"771\" src=\"https:\/\/www.radiointeractivo.com.mx\/wp-content\/uploads\/2025\/08\/WhatsApp-Image-2025-08-12-at-12.16.47-PM-2-1024x771.jpeg\" alt=\"\" class=\"wp-image-17665\" srcset=\"https:\/\/www.radiointeractivo.com.mx\/wp-content\/uploads\/2025\/08\/WhatsApp-Image-2025-08-12-at-12.16.47-PM-2-1024x771.jpeg 1024w, https:\/\/www.radiointeractivo.com.mx\/wp-content\/uploads\/2025\/08\/WhatsApp-Image-2025-08-12-at-12.16.47-PM-2-300x226.jpeg 300w, https:\/\/www.radiointeractivo.com.mx\/wp-content\/uploads\/2025\/08\/WhatsApp-Image-2025-08-12-at-12.16.47-PM-2-768x578.jpeg 768w, https:\/\/www.radiointeractivo.com.mx\/wp-content\/uploads\/2025\/08\/WhatsApp-Image-2025-08-12-at-12.16.47-PM-2-1536x1156.jpeg 1536w, https:\/\/www.radiointeractivo.com.mx\/wp-content\/uploads\/2025\/08\/WhatsApp-Image-2025-08-12-at-12.16.47-PM-2.jpeg 1600w\" sizes=\"auto, (max-width: 1024px) 100vw, 1024px\" \/><\/figure>\n\n\n\n<p>Por: Staff | #NuevoLaredo #Laredo #NLD #Tamaulipas<\/p>\n\n\n\n<p>Un total de 28 mujeres, un adolescente y un adulto mayor finalizaron un curso intensivo de computaci\u00f3n, impartido por el Gobierno de Nuevo Laredo en la Infoteca \u201cSor Juana In\u00e9s de la Cruz\u201d, del 8 de julio al 8 de agosto.<\/p>\n\n\n\n<p>Durante un mes, los participantes aprendieron a crear y administrar un correo electr\u00f3nico, utilizar la paqueter\u00eda Office y navegar en Internet, entre otras habilidades digitales.<\/p>\n\n\n\n<p>En la ceremonia de clausura, la presidenta municipal, Carmen Lilia Canturosas Villarreal, felicit\u00f3 a los graduados y destac\u00f3 la importancia de este tipo de capacitaciones.<br>\u201cEs un orgullo saber que han desarrollado un amplio conocimiento en computaci\u00f3n, una herramienta de mucha utilidad actualmente y s\u00e9 que les servir\u00e1 para su desempe\u00f1o laboral, en las tareas con sus hijos o en su desarrollo educativo para aquellos que est\u00e1n estudiando\u201d, expres\u00f3.<\/p>\n\n\n\n<p>Los asistentes agradecieron la implementaci\u00f3n de programas dirigidos a la comunidad en general, especialmente a mujeres estudiantes, madres solteras y adultas mayores, al considerar que les abren nuevas oportunidades laborales y de desarrollo personal.<\/p>\n\n\n\n<p>En esta capacitaci\u00f3n participaron personas de entre 14 y 65 a\u00f1os, provenientes de colonias como Francisco Villa, 20 de Noviembre, Nueva Era, La Fe y Am\u00e9rico Villarreal.<\/p>\n\n\n\n<p>El evento de clausura y entrega de reconocimientos cont\u00f3 con la presencia de Marcos Rodr\u00edguez Leija, coordinador de Bibliotecas; Adolfo Mondrag\u00f3n Mass, jefe de la Infoteca; y Aar\u00f3n C\u00e1rdenas, coordinador del curso.<\/p>\n","protected":false},"excerpt":{"rendered":"<p>Por: Staff | #NuevoLaredo #Laredo #NLD #Tamaulipas Un total de 28 mujeres, un adolescente y un adulto mayor finalizaron un curso intensivo de computaci\u00f3n, impartido por el Gobierno de Nuevo Laredo en la Infoteca \u201cSor Juana In\u00e9s de la Cruz\u201d, del 8 de julio al 8 de agosto. Durante un mes, los participantes aprendieron a &hellip;<\/p>\n","protected":false},"author":1,"featured_media":17665,"comment_status":"open","ping_status":"open","sticky":false,"template":"","format":"standard","meta":{"footnotes":""},"categories":[38],"tags":[],"class_list":["post-17664","post","type-post","status-publish","format-standard","has-post-thumbnail","","category-nuevo-laredo"],"_links":{"self":[{"href":"https:\/\/www.radiointeractivo.com.mx\/index.php?rest_route=\/wp\/v2\/posts\/17664","targetHints":{"allow":["GET"]}}],"collection":[{"href":"https:\/\/www.radiointeractivo.com.mx\/index.php?rest_route=\/wp\/v2\/posts"}],"about":[{"href":"https:\/\/www.radiointeractivo.com.mx\/index.php?rest_route=\/wp\/v2\/types\/post"}],"author":[{"embeddable":true,"href":"https:\/\/www.radiointeractivo.com.mx\/index.php?rest_route=\/wp\/v2\/users\/1"}],"replies":[{"embeddable":true,"href":"https:\/\/www.radiointeractivo.com.mx\/index.php?rest_route=%2Fwp%2Fv2%2Fcomments&post=17664"}],"version-history":[{"count":1,"href":"https:\/\/www.radiointeractivo.com.mx\/index.php?rest_route=\/wp\/v2\/posts\/17664\/revisions"}],"predecessor-version":[{"id":17666,"href":"https:\/\/www.radiointeractivo.com.mx\/index.php?rest_route=\/wp\/v2\/posts\/17664\/revisions\/17666"}],"wp:featuredmedia":[{"embeddable":true,"href":"https:\/\/www.radiointeractivo.com.mx\/index.php?rest_route=\/wp\/v2\/media\/17665"}],"wp:attachment":[{"href":"https:\/\/www.radiointeractivo.com.mx\/index.php?rest_route=%2Fwp%2Fv2%2Fmedia&parent=17664"}],"wp:term":[{"taxonomy":"category","embeddable":true,"href":"https:\/\/www.radiointeractivo.com.mx\/index.php?rest_route=%2Fwp%2Fv2%2Fcategories&post=17664"},{"taxonomy":"post_tag","embeddable":true,"href":"https:\/\/www.radiointeractivo.com.mx\/index.php?rest_route=%2Fwp%2Fv2%2Ftags&post=17664"}],"curies":[{"name":"wp","href":"https:\/\/api.w.org\/{rel}","templated":true}]}}