{"id":17661,"date":"2025-08-12T14:08:59","date_gmt":"2025-08-12T19:08:59","guid":{"rendered":"https:\/\/www.radiointeractivo.com.mx\/?p=17661"},"modified":"2025-08-12T14:09:02","modified_gmt":"2025-08-12T19:09:02","slug":"mas-de-mil-500-vacantes-se-ofreceran-en-la-feria-del-empleo-2025","status":"publish","type":"post","link":"https:\/\/www.radiointeractivo.com.mx\/?p=17661","title":{"rendered":"M\u00e1s de mil 500 vacantes se ofrecer\u00e1n en la Feria del Empleo 2025"},"content":{"rendered":"\n<figure class=\"wp-block-image size-large\"><img loading=\"lazy\" decoding=\"async\" width=\"1024\" height=\"683\" src=\"https:\/\/www.radiointeractivo.com.mx\/wp-content\/uploads\/2025\/08\/WhatsApp-Image-2025-08-12-at-12.16.01-PM-1024x683.jpeg\" alt=\"\" class=\"wp-image-17662\" srcset=\"https:\/\/www.radiointeractivo.com.mx\/wp-content\/uploads\/2025\/08\/WhatsApp-Image-2025-08-12-at-12.16.01-PM-1024x683.jpeg 1024w, https:\/\/www.radiointeractivo.com.mx\/wp-content\/uploads\/2025\/08\/WhatsApp-Image-2025-08-12-at-12.16.01-PM-300x200.jpeg 300w, https:\/\/www.radiointeractivo.com.mx\/wp-content\/uploads\/2025\/08\/WhatsApp-Image-2025-08-12-at-12.16.01-PM-768x512.jpeg 768w, https:\/\/www.radiointeractivo.com.mx\/wp-content\/uploads\/2025\/08\/WhatsApp-Image-2025-08-12-at-12.16.01-PM-1536x1024.jpeg 1536w, https:\/\/www.radiointeractivo.com.mx\/wp-content\/uploads\/2025\/08\/WhatsApp-Image-2025-08-12-at-12.16.01-PM.jpeg 1599w\" sizes=\"auto, (max-width: 1024px) 100vw, 1024px\" \/><\/figure>\n\n\n\n<p>Por: Staff | #NuevoLaredo #Laredo #NLD #Tamaulipas<\/p>\n\n\n\n<p>El Gobierno Municipal de Nuevo Laredo inform\u00f3 que este mi\u00e9rcoles 13 de agosto se llevar\u00e1 a cabo la Tercera Feria del Empleo 2025, en la que se pondr\u00e1n a disposici\u00f3n m\u00e1s de mil 500 vacantes en sectores como maquiladoras, comercio, transporte y servicios.<\/p>\n\n\n\n<p>La jornada laboral se realizar\u00e1 de 9:00 de la ma\u00f1ana a 2:00 de la tarde en el Centro C\u00edvico Municipal, con la participaci\u00f3n de empresas locales que estar\u00e1n reclutando personal para perfiles operativos, administrativos y profesionales. Adem\u00e1s, se brindar\u00e1 asesor\u00eda a personas que buscan su primer empleo o desean reincorporarse al mercado laboral.<\/p>\n\n\n\n<p>De acuerdo con el Gobierno Municipal, el evento tiene como objetivo \u201cimpulsar la vinculaci\u00f3n laboral y fortalecer la econom\u00eda de las familias neolaredenses\u201d.<\/p>\n\n\n\n<p>La actividad es organizada por la Direcci\u00f3n de Comercio, Empleo y PYMES y forma parte de un programa permanente que busca generar oportunidades de trabajo en toda la ciudad.<\/p>\n","protected":false},"excerpt":{"rendered":"<p>Por: Staff | #NuevoLaredo #Laredo #NLD #Tamaulipas El Gobierno Municipal de Nuevo Laredo inform\u00f3 que este mi\u00e9rcoles 13 de agosto se llevar\u00e1 a cabo la Tercera Feria del Empleo 2025, en la que se pondr\u00e1n a disposici\u00f3n m\u00e1s de mil 500 vacantes en sectores como maquiladoras, comercio, transporte y servicios. La jornada laboral se realizar\u00e1 &hellip;<\/p>\n","protected":false},"author":1,"featured_media":17662,"comment_status":"open","ping_status":"open","sticky":false,"template":"","format":"standard","meta":{"footnotes":""},"categories":[38],"tags":[],"class_list":["post-17661","post","type-post","status-publish","format-standard","has-post-thumbnail","","category-nuevo-laredo"],"_links":{"self":[{"href":"https:\/\/www.radiointeractivo.com.mx\/index.php?rest_route=\/wp\/v2\/posts\/17661","targetHints":{"allow":["GET"]}}],"collection":[{"href":"https:\/\/www.radiointeractivo.com.mx\/index.php?rest_route=\/wp\/v2\/posts"}],"about":[{"href":"https:\/\/www.radiointeractivo.com.mx\/index.php?rest_route=\/wp\/v2\/types\/post"}],"author":[{"embeddable":true,"href":"https:\/\/www.radiointeractivo.com.mx\/index.php?rest_route=\/wp\/v2\/users\/1"}],"replies":[{"embeddable":true,"href":"https:\/\/www.radiointeractivo.com.mx\/index.php?rest_route=%2Fwp%2Fv2%2Fcomments&post=17661"}],"version-history":[{"count":1,"href":"https:\/\/www.radiointeractivo.com.mx\/index.php?rest_route=\/wp\/v2\/posts\/17661\/revisions"}],"predecessor-version":[{"id":17663,"href":"https:\/\/www.radiointeractivo.com.mx\/index.php?rest_route=\/wp\/v2\/posts\/17661\/revisions\/17663"}],"wp:featuredmedia":[{"embeddable":true,"href":"https:\/\/www.radiointeractivo.com.mx\/index.php?rest_route=\/wp\/v2\/media\/17662"}],"wp:attachment":[{"href":"https:\/\/www.radiointeractivo.com.mx\/index.php?rest_route=%2Fwp%2Fv2%2Fmedia&parent=17661"}],"wp:term":[{"taxonomy":"category","embeddable":true,"href":"https:\/\/www.radiointeractivo.com.mx\/index.php?rest_route=%2Fwp%2Fv2%2Fcategories&post=17661"},{"taxonomy":"post_tag","embeddable":true,"href":"https:\/\/www.radiointeractivo.com.mx\/index.php?rest_route=%2Fwp%2Fv2%2Ftags&post=17661"}],"curies":[{"name":"wp","href":"https:\/\/api.w.org\/{rel}","templated":true}]}}