{"id":17637,"date":"2025-08-11T16:41:57","date_gmt":"2025-08-11T21:41:57","guid":{"rendered":"https:\/\/www.radiointeractivo.com.mx\/?p=17637"},"modified":"2025-08-11T16:41:59","modified_gmt":"2025-08-11T21:41:59","slug":"dif-nuevo-laredo-abre-inscripciones-para-clases-y-talleres-gratuitos-del-programa-pannarti","status":"publish","type":"post","link":"https:\/\/www.radiointeractivo.com.mx\/?p=17637","title":{"rendered":"DIF Nuevo Laredo abre inscripciones para clases y talleres gratuitos del programa PANNARTI"},"content":{"rendered":"\n<figure class=\"wp-block-image size-large\"><img loading=\"lazy\" decoding=\"async\" width=\"1024\" height=\"682\" src=\"https:\/\/www.radiointeractivo.com.mx\/wp-content\/uploads\/2025\/08\/WhatsApp-Image-2025-08-11-at-2.00.02-PM-1024x682.jpeg\" alt=\"\" class=\"wp-image-17638\" srcset=\"https:\/\/www.radiointeractivo.com.mx\/wp-content\/uploads\/2025\/08\/WhatsApp-Image-2025-08-11-at-2.00.02-PM-1024x682.jpeg 1024w, https:\/\/www.radiointeractivo.com.mx\/wp-content\/uploads\/2025\/08\/WhatsApp-Image-2025-08-11-at-2.00.02-PM-300x200.jpeg 300w, https:\/\/www.radiointeractivo.com.mx\/wp-content\/uploads\/2025\/08\/WhatsApp-Image-2025-08-11-at-2.00.02-PM-768x512.jpeg 768w, https:\/\/www.radiointeractivo.com.mx\/wp-content\/uploads\/2025\/08\/WhatsApp-Image-2025-08-11-at-2.00.02-PM-310x205.jpeg 310w, https:\/\/www.radiointeractivo.com.mx\/wp-content\/uploads\/2025\/08\/WhatsApp-Image-2025-08-11-at-2.00.02-PM.jpeg 1280w\" sizes=\"auto, (max-width: 1024px) 100vw, 1024px\" \/><\/figure>\n\n\n\n<p>Por: Staff | #NuevoLaredo #Laredo #NLD #Tamaulipas<\/p>\n\n\n\n<p>Nuevo Laredo, Tam.- El Sistema para el Desarrollo Integral de la Familia (DIF) Nuevo Laredo anunci\u00f3 la apertura de inscripciones para las actividades del Programa de Atenci\u00f3n a Ni\u00f1as, Ni\u00f1os y Adolescentes en Riesgo de Trabajo Infantil (PANNARTI), el cual busca prevenir la deserci\u00f3n escolar y fomentar el desarrollo integral de menores de entre 6 y 17 a\u00f1os.<\/p>\n\n\n\n<p>El programa ofrece clases de primaria y secundaria en coordinaci\u00f3n con el Instituto Tamaulipeco de Educaci\u00f3n para Adultos (ITEA), as\u00ed como apoyo escolar en espa\u00f1ol y matem\u00e1ticas. Adem\u00e1s, cuenta con talleres de arte y cultura, teatro, computaci\u00f3n, manualidades, educaci\u00f3n f\u00edsica, coordinaci\u00f3n motriz, educaci\u00f3n socioemocional, m\u00fasica y baile.<\/p>\n\n\n\n<p>Todas las actividades son gratuitas y se imparten de lunes a viernes, de 8:00 de la ma\u00f1ana a 3:00 de la tarde.<\/p>\n\n\n\n<p>El director general del DIF Nuevo Laredo, Viviano V\u00e1zquez Mac\u00edas, invit\u00f3 a las familias a participar. \u201cEste programa est\u00e1 dise\u00f1ado para brindar herramientas educativas, culturales y emocionales que fortalezcan el presente y futuro de nuestros ni\u00f1os, ni\u00f1as y adolescentes. Queremos que m\u00e1s familias se sumen y formen parte de esta comunidad de aprendizaje\u201d, expres\u00f3.<\/p>\n\n\n\n<p>Las inscripciones se realizan directamente en el Centro PANNARTI, ubicado en la calle Silvestre Terrazas y Tom\u00e1s Urbina Sur, colonia Francisco Villa, presentando copia del acta de nacimiento del menor, CURP, comprobante de domicilio y credencial de elector del tutor.<\/p>\n\n\n\n<p>Para m\u00e1s informaci\u00f3n, las familias pueden comunicarse al tel\u00e9fono 867 712 06 43.<\/p>\n","protected":false},"excerpt":{"rendered":"<p>Por: Staff | #NuevoLaredo #Laredo #NLD #Tamaulipas Nuevo Laredo, Tam.- El Sistema para el Desarrollo Integral de la Familia (DIF) Nuevo Laredo anunci\u00f3 la apertura de inscripciones para las actividades del Programa de Atenci\u00f3n a Ni\u00f1as, Ni\u00f1os y Adolescentes en Riesgo de Trabajo Infantil (PANNARTI), el cual busca prevenir la deserci\u00f3n escolar y fomentar el &hellip;<\/p>\n","protected":false},"author":1,"featured_media":17638,"comment_status":"open","ping_status":"open","sticky":false,"template":"","format":"standard","meta":{"footnotes":""},"categories":[38],"tags":[],"class_list":["post-17637","post","type-post","status-publish","format-standard","has-post-thumbnail","","category-nuevo-laredo"],"_links":{"self":[{"href":"https:\/\/www.radiointeractivo.com.mx\/index.php?rest_route=\/wp\/v2\/posts\/17637","targetHints":{"allow":["GET"]}}],"collection":[{"href":"https:\/\/www.radiointeractivo.com.mx\/index.php?rest_route=\/wp\/v2\/posts"}],"about":[{"href":"https:\/\/www.radiointeractivo.com.mx\/index.php?rest_route=\/wp\/v2\/types\/post"}],"author":[{"embeddable":true,"href":"https:\/\/www.radiointeractivo.com.mx\/index.php?rest_route=\/wp\/v2\/users\/1"}],"replies":[{"embeddable":true,"href":"https:\/\/www.radiointeractivo.com.mx\/index.php?rest_route=%2Fwp%2Fv2%2Fcomments&post=17637"}],"version-history":[{"count":1,"href":"https:\/\/www.radiointeractivo.com.mx\/index.php?rest_route=\/wp\/v2\/posts\/17637\/revisions"}],"predecessor-version":[{"id":17639,"href":"https:\/\/www.radiointeractivo.com.mx\/index.php?rest_route=\/wp\/v2\/posts\/17637\/revisions\/17639"}],"wp:featuredmedia":[{"embeddable":true,"href":"https:\/\/www.radiointeractivo.com.mx\/index.php?rest_route=\/wp\/v2\/media\/17638"}],"wp:attachment":[{"href":"https:\/\/www.radiointeractivo.com.mx\/index.php?rest_route=%2Fwp%2Fv2%2Fmedia&parent=17637"}],"wp:term":[{"taxonomy":"category","embeddable":true,"href":"https:\/\/www.radiointeractivo.com.mx\/index.php?rest_route=%2Fwp%2Fv2%2Fcategories&post=17637"},{"taxonomy":"post_tag","embeddable":true,"href":"https:\/\/www.radiointeractivo.com.mx\/index.php?rest_route=%2Fwp%2Fv2%2Ftags&post=17637"}],"curies":[{"name":"wp","href":"https:\/\/api.w.org\/{rel}","templated":true}]}}