{"id":17633,"date":"2025-08-11T15:19:23","date_gmt":"2025-08-11T20:19:23","guid":{"rendered":"https:\/\/www.radiointeractivo.com.mx\/?p=17633"},"modified":"2025-08-11T15:19:25","modified_gmt":"2025-08-11T20:19:25","slug":"cabildo-aprueba-condonacion-del-100-en-recargos-del-predial-durante-agosto","status":"publish","type":"post","link":"https:\/\/www.radiointeractivo.com.mx\/?p=17633","title":{"rendered":"Cabildo aprueba condonaci\u00f3n del 100% en recargos del predial durante agosto"},"content":{"rendered":"\n<figure class=\"wp-block-image size-large\"><img loading=\"lazy\" decoding=\"async\" width=\"1024\" height=\"683\" src=\"https:\/\/www.radiointeractivo.com.mx\/wp-content\/uploads\/2025\/08\/WhatsApp-Image-2025-08-11-at-12.49.49-PM-1024x683.jpeg\" alt=\"\" class=\"wp-image-17634\" srcset=\"https:\/\/www.radiointeractivo.com.mx\/wp-content\/uploads\/2025\/08\/WhatsApp-Image-2025-08-11-at-12.49.49-PM-1024x683.jpeg 1024w, https:\/\/www.radiointeractivo.com.mx\/wp-content\/uploads\/2025\/08\/WhatsApp-Image-2025-08-11-at-12.49.49-PM-300x200.jpeg 300w, https:\/\/www.radiointeractivo.com.mx\/wp-content\/uploads\/2025\/08\/WhatsApp-Image-2025-08-11-at-12.49.49-PM-768x512.jpeg 768w, https:\/\/www.radiointeractivo.com.mx\/wp-content\/uploads\/2025\/08\/WhatsApp-Image-2025-08-11-at-12.49.49-PM-1536x1024.jpeg 1536w, https:\/\/www.radiointeractivo.com.mx\/wp-content\/uploads\/2025\/08\/WhatsApp-Image-2025-08-11-at-12.49.49-PM.jpeg 1600w\" sizes=\"auto, (max-width: 1024px) 100vw, 1024px\" \/><\/figure>\n\n\n\n<p>Por: Staff | #NuevoLaredo #Laredo #NLD #Tamaulipas<\/p>\n\n\n\n<p>Nuevo Laredo, Tam.- En sesi\u00f3n ordinaria, el Cabildo de Nuevo Laredo aprob\u00f3 por unanimidad la condonaci\u00f3n del 100% en recargos del impuesto predial durante todo el mes de agosto, como parte de las acciones de apoyo a la econom\u00eda familiar e incentivo para el pago oportuno de este impuesto.<\/p>\n\n\n\n<p>La presidenta municipal, Carmen Lilia Canturosas Villarreal, se\u00f1al\u00f3 que este tipo de campa\u00f1as han tenido una respuesta positiva de la ciudadan\u00eda, lo que se refleja en m\u00e1s recursos para obras e infraestructura. \u201cGracias a estas acciones, cada vez son m\u00e1s los ciudadanos que se ponen al corriente con su predial, lo que fortalece la recaudaci\u00f3n y nos permite seguir transformando a Nuevo Laredo con m\u00e1s obra p\u00fablica y mejores servicios\u201d, afirm\u00f3.<\/p>\n\n\n\n<p>De acuerdo con datos municipales, en lo que va del 2025 se han recaudado m\u00e1s de 126 millones de pesos por concepto de impuesto predial, con el pago de m\u00e1s de 86 mil cuentas, lo que representa un aumento del 15% en comparaci\u00f3n con el mismo periodo del 2024.<\/p>\n\n\n\n<p>El acuerdo aprobado establece que la administraci\u00f3n municipal mantiene como regla permanente el fortalecimiento de la econom\u00eda local y familiar, ya que una mayor recaudaci\u00f3n incrementa las participaciones federales, permitiendo atender el rezago y mejorar los servicios p\u00fablicos.<\/p>\n\n\n\n<p>El Gobierno Municipal reiter\u00f3 su compromiso con las familias neolaredenses para seguir impulsando el desarrollo de la ciudad y exhort\u00f3 a los contribuyentes a aprovechar este beneficio durante agosto para regularizar sus cuentas y contribuir al bienestar colectivo.<\/p>\n","protected":false},"excerpt":{"rendered":"<p>Por: Staff | #NuevoLaredo #Laredo #NLD #Tamaulipas Nuevo Laredo, Tam.- En sesi\u00f3n ordinaria, el Cabildo de Nuevo Laredo aprob\u00f3 por unanimidad la condonaci\u00f3n del 100% en recargos del impuesto predial durante todo el mes de agosto, como parte de las acciones de apoyo a la econom\u00eda familiar e incentivo para el pago oportuno de este &hellip;<\/p>\n","protected":false},"author":1,"featured_media":17634,"comment_status":"open","ping_status":"open","sticky":false,"template":"","format":"standard","meta":{"footnotes":""},"categories":[38],"tags":[],"class_list":["post-17633","post","type-post","status-publish","format-standard","has-post-thumbnail","","category-nuevo-laredo"],"_links":{"self":[{"href":"https:\/\/www.radiointeractivo.com.mx\/index.php?rest_route=\/wp\/v2\/posts\/17633","targetHints":{"allow":["GET"]}}],"collection":[{"href":"https:\/\/www.radiointeractivo.com.mx\/index.php?rest_route=\/wp\/v2\/posts"}],"about":[{"href":"https:\/\/www.radiointeractivo.com.mx\/index.php?rest_route=\/wp\/v2\/types\/post"}],"author":[{"embeddable":true,"href":"https:\/\/www.radiointeractivo.com.mx\/index.php?rest_route=\/wp\/v2\/users\/1"}],"replies":[{"embeddable":true,"href":"https:\/\/www.radiointeractivo.com.mx\/index.php?rest_route=%2Fwp%2Fv2%2Fcomments&post=17633"}],"version-history":[{"count":1,"href":"https:\/\/www.radiointeractivo.com.mx\/index.php?rest_route=\/wp\/v2\/posts\/17633\/revisions"}],"predecessor-version":[{"id":17635,"href":"https:\/\/www.radiointeractivo.com.mx\/index.php?rest_route=\/wp\/v2\/posts\/17633\/revisions\/17635"}],"wp:featuredmedia":[{"embeddable":true,"href":"https:\/\/www.radiointeractivo.com.mx\/index.php?rest_route=\/wp\/v2\/media\/17634"}],"wp:attachment":[{"href":"https:\/\/www.radiointeractivo.com.mx\/index.php?rest_route=%2Fwp%2Fv2%2Fmedia&parent=17633"}],"wp:term":[{"taxonomy":"category","embeddable":true,"href":"https:\/\/www.radiointeractivo.com.mx\/index.php?rest_route=%2Fwp%2Fv2%2Fcategories&post=17633"},{"taxonomy":"post_tag","embeddable":true,"href":"https:\/\/www.radiointeractivo.com.mx\/index.php?rest_route=%2Fwp%2Fv2%2Ftags&post=17633"}],"curies":[{"name":"wp","href":"https:\/\/api.w.org\/{rel}","templated":true}]}}