{"id":17630,"date":"2025-08-11T14:42:27","date_gmt":"2025-08-11T19:42:27","guid":{"rendered":"https:\/\/www.radiointeractivo.com.mx\/?p=17630"},"modified":"2025-08-11T14:42:29","modified_gmt":"2025-08-11T19:42:29","slug":"concluye-con-exito-programa-mis-vacaciones-en-la-biblioteca-en-nuevo-laredo","status":"publish","type":"post","link":"https:\/\/www.radiointeractivo.com.mx\/?p=17630","title":{"rendered":"Concluye con \u00e9xito programa \u201cMis vacaciones en la biblioteca\u201d en Nuevo Laredo"},"content":{"rendered":"\n<figure class=\"wp-block-image size-large\"><img loading=\"lazy\" decoding=\"async\" width=\"1024\" height=\"683\" src=\"https:\/\/www.radiointeractivo.com.mx\/wp-content\/uploads\/2025\/08\/WhatsApp-Image-2025-08-11-at-12.47.17-PM-2-1024x683.jpeg\" alt=\"\" class=\"wp-image-17631\" srcset=\"https:\/\/www.radiointeractivo.com.mx\/wp-content\/uploads\/2025\/08\/WhatsApp-Image-2025-08-11-at-12.47.17-PM-2-1024x683.jpeg 1024w, https:\/\/www.radiointeractivo.com.mx\/wp-content\/uploads\/2025\/08\/WhatsApp-Image-2025-08-11-at-12.47.17-PM-2-300x200.jpeg 300w, https:\/\/www.radiointeractivo.com.mx\/wp-content\/uploads\/2025\/08\/WhatsApp-Image-2025-08-11-at-12.47.17-PM-2-768x512.jpeg 768w, https:\/\/www.radiointeractivo.com.mx\/wp-content\/uploads\/2025\/08\/WhatsApp-Image-2025-08-11-at-12.47.17-PM-2-1536x1024.jpeg 1536w, https:\/\/www.radiointeractivo.com.mx\/wp-content\/uploads\/2025\/08\/WhatsApp-Image-2025-08-11-at-12.47.17-PM-2.jpeg 1600w\" sizes=\"auto, (max-width: 1024px) 100vw, 1024px\" \/><\/figure>\n\n\n\n<p>Por: Staff | #NuevoLaredo #Laredo #NLD #Tamaulipas<\/p>\n\n\n\n<p>Nuevo Laredo, Tam.- Con la participaci\u00f3n de m\u00e1s de 200 ni\u00f1as y ni\u00f1os, el Gobierno Municipal dio por finalizado el programa educativo y recreativo \u201cMis vacaciones en la biblioteca\u201d, que se llev\u00f3 a cabo del 28 de julio al 8 de agosto en las seis bibliotecas p\u00fablicas de la ciudad y en la Infoteca Sor Juana In\u00e9s de la Cruz.<\/p>\n\n\n\n<p>Las actividades se desarrollaron en turnos matutinos y vespertinos, con el prop\u00f3sito de promover la integraci\u00f3n familiar, fomentar la conciencia sobre el cuidado del medio ambiente y fortalecer el sentido de identidad.<\/p>\n\n\n\n<p>En una visita a la Infoteca Sor Juana In\u00e9s de la Cruz, la presidenta municipal Carmen Lilia Canturosas Villarreal felicit\u00f3 a las y los participantes por su entusiasmo y dedicaci\u00f3n. \u201cMuchas felicidades, me alegra verlos contentos y que se hayan acercado al mundo de los libros, que se hayan divertido y aprendido\u201d, expres\u00f3.<\/p>\n\n\n\n<p>El programa incluy\u00f3 din\u00e1micas como \u201cAcuerdos para la convivencia\u201d, \u201cHuateque de palabras\u201d, \u201cPiqu\u00edn de versos y sones\u201d, \u201cFactor sorpresa\u201d, \u201cSue\u00f1os de tinta y papel\u201d y \u201cRetratos de familia\u201d.<\/p>\n\n\n\n<p>De acuerdo con Marcos Rodr\u00edguez Leija, coordinador de Bibliotecas, los ni\u00f1os aprendieron a escribir poemas, conocer la m\u00fasica tradicional de la regi\u00f3n Huasteca e improvisar versos al estilo de las \u201cbombas yucatecas\u201d. Tambi\u00e9n ampliaron su vocabulario con palabras poco comunes en el lenguaje cotidiano.<\/p>\n\n\n\n<p>El curso se imparti\u00f3 en las bibliotecas Emiliano Zapata, Rub\u00e9n Miranda, Jos\u00e9 Vasconcelos, Fidel Cu\u00e9llar, Jos\u00e9 Mar\u00eda Mart\u00ednez, Octavio Paz y en la Infoteca Sor Juana In\u00e9s de la Cruz.<\/p>\n","protected":false},"excerpt":{"rendered":"<p>Por: Staff | #NuevoLaredo #Laredo #NLD #Tamaulipas Nuevo Laredo, Tam.- Con la participaci\u00f3n de m\u00e1s de 200 ni\u00f1as y ni\u00f1os, el Gobierno Municipal dio por finalizado el programa educativo y recreativo \u201cMis vacaciones en la biblioteca\u201d, que se llev\u00f3 a cabo del 28 de julio al 8 de agosto en las seis bibliotecas p\u00fablicas de &hellip;<\/p>\n","protected":false},"author":1,"featured_media":17631,"comment_status":"open","ping_status":"open","sticky":false,"template":"","format":"standard","meta":{"footnotes":""},"categories":[38],"tags":[],"class_list":["post-17630","post","type-post","status-publish","format-standard","has-post-thumbnail","","category-nuevo-laredo"],"_links":{"self":[{"href":"https:\/\/www.radiointeractivo.com.mx\/index.php?rest_route=\/wp\/v2\/posts\/17630","targetHints":{"allow":["GET"]}}],"collection":[{"href":"https:\/\/www.radiointeractivo.com.mx\/index.php?rest_route=\/wp\/v2\/posts"}],"about":[{"href":"https:\/\/www.radiointeractivo.com.mx\/index.php?rest_route=\/wp\/v2\/types\/post"}],"author":[{"embeddable":true,"href":"https:\/\/www.radiointeractivo.com.mx\/index.php?rest_route=\/wp\/v2\/users\/1"}],"replies":[{"embeddable":true,"href":"https:\/\/www.radiointeractivo.com.mx\/index.php?rest_route=%2Fwp%2Fv2%2Fcomments&post=17630"}],"version-history":[{"count":1,"href":"https:\/\/www.radiointeractivo.com.mx\/index.php?rest_route=\/wp\/v2\/posts\/17630\/revisions"}],"predecessor-version":[{"id":17632,"href":"https:\/\/www.radiointeractivo.com.mx\/index.php?rest_route=\/wp\/v2\/posts\/17630\/revisions\/17632"}],"wp:featuredmedia":[{"embeddable":true,"href":"https:\/\/www.radiointeractivo.com.mx\/index.php?rest_route=\/wp\/v2\/media\/17631"}],"wp:attachment":[{"href":"https:\/\/www.radiointeractivo.com.mx\/index.php?rest_route=%2Fwp%2Fv2%2Fmedia&parent=17630"}],"wp:term":[{"taxonomy":"category","embeddable":true,"href":"https:\/\/www.radiointeractivo.com.mx\/index.php?rest_route=%2Fwp%2Fv2%2Fcategories&post=17630"},{"taxonomy":"post_tag","embeddable":true,"href":"https:\/\/www.radiointeractivo.com.mx\/index.php?rest_route=%2Fwp%2Fv2%2Ftags&post=17630"}],"curies":[{"name":"wp","href":"https:\/\/api.w.org\/{rel}","templated":true}]}}