{"id":17627,"date":"2025-08-11T14:34:28","date_gmt":"2025-08-11T19:34:28","guid":{"rendered":"https:\/\/www.radiointeractivo.com.mx\/?p=17627"},"modified":"2025-08-11T14:34:31","modified_gmt":"2025-08-11T19:34:31","slug":"anuncian-campana-gratuita-de-esterilizacion-para-perros-y-gatos-en-situacion-de-calle-o-rescatados","status":"publish","type":"post","link":"https:\/\/www.radiointeractivo.com.mx\/?p=17627","title":{"rendered":"Anuncian campa\u00f1a gratuita de esterilizaci\u00f3n para perros y gatos en situaci\u00f3n de calle o rescatados"},"content":{"rendered":"\n<figure class=\"wp-block-image size-large\"><img loading=\"lazy\" decoding=\"async\" width=\"1024\" height=\"684\" src=\"https:\/\/www.radiointeractivo.com.mx\/wp-content\/uploads\/2025\/08\/WhatsApp-Image-2025-08-11-at-12.45.33-PM-1024x684.jpeg\" alt=\"\" class=\"wp-image-17628\" srcset=\"https:\/\/www.radiointeractivo.com.mx\/wp-content\/uploads\/2025\/08\/WhatsApp-Image-2025-08-11-at-12.45.33-PM-1024x684.jpeg 1024w, https:\/\/www.radiointeractivo.com.mx\/wp-content\/uploads\/2025\/08\/WhatsApp-Image-2025-08-11-at-12.45.33-PM-300x200.jpeg 300w, https:\/\/www.radiointeractivo.com.mx\/wp-content\/uploads\/2025\/08\/WhatsApp-Image-2025-08-11-at-12.45.33-PM-768x513.jpeg 768w, https:\/\/www.radiointeractivo.com.mx\/wp-content\/uploads\/2025\/08\/WhatsApp-Image-2025-08-11-at-12.45.33-PM-1536x1026.jpeg 1536w, https:\/\/www.radiointeractivo.com.mx\/wp-content\/uploads\/2025\/08\/WhatsApp-Image-2025-08-11-at-12.45.33-PM.jpeg 1600w\" sizes=\"auto, (max-width: 1024px) 100vw, 1024px\" \/><\/figure>\n\n\n\n<p>Por: Staff | #NuevoLaredo #NLD #Laredo #Tamaulipas<\/p>\n\n\n\n<p>Nuevo Laredo, Tam.- El Gobierno Municipal, a trav\u00e9s de la Direcci\u00f3n de Bienestar Animal, realizar\u00e1 del 27 de agosto al 3 de septiembre una campa\u00f1a gratuita de esterilizaci\u00f3n dirigida a perros y gatos reci\u00e9n rescatados o que viven en situaci\u00f3n de calle, con el objetivo de proteger y mejorar la calidad de vida de los animales m\u00e1s vulnerables.<\/p>\n\n\n\n<p>Para acceder al servicio, ser\u00e1 necesario registrarse previamente del 11 al 15 de agosto, o hasta agotar fichas, en las oficinas de la Direcci\u00f3n de Bienestar Animal, ubicadas en H\u00e9roes de Nacataz 3301. El horario de atenci\u00f3n ser\u00e1 de 9:00 de la ma\u00f1ana a 3:00 de la tarde.<\/p>\n\n\n\n<p>Los interesados deber\u00e1n presentar copia de identificaci\u00f3n oficial, comprobante de domicilio y, en caso de tratarse de un animal callejero, comprometerse a brindarle un espacio seguro para su recuperaci\u00f3n.<\/p>\n\n\n\n<p>De acuerdo con la dependencia municipal, estas jornadas no solo contribuyen a prevenir la sobrepoblaci\u00f3n, sino que tambi\u00e9n promueven el cuidado responsable y la protecci\u00f3n de los animales que m\u00e1s lo necesitan.<\/p>\n","protected":false},"excerpt":{"rendered":"<p>Por: Staff | #NuevoLaredo #NLD #Laredo #Tamaulipas Nuevo Laredo, Tam.- El Gobierno Municipal, a trav\u00e9s de la Direcci\u00f3n de Bienestar Animal, realizar\u00e1 del 27 de agosto al 3 de septiembre una campa\u00f1a gratuita de esterilizaci\u00f3n dirigida a perros y gatos reci\u00e9n rescatados o que viven en situaci\u00f3n de calle, con el objetivo de proteger y &hellip;<\/p>\n","protected":false},"author":1,"featured_media":17628,"comment_status":"open","ping_status":"open","sticky":false,"template":"","format":"standard","meta":{"footnotes":""},"categories":[38],"tags":[],"class_list":["post-17627","post","type-post","status-publish","format-standard","has-post-thumbnail","","category-nuevo-laredo"],"_links":{"self":[{"href":"https:\/\/www.radiointeractivo.com.mx\/index.php?rest_route=\/wp\/v2\/posts\/17627","targetHints":{"allow":["GET"]}}],"collection":[{"href":"https:\/\/www.radiointeractivo.com.mx\/index.php?rest_route=\/wp\/v2\/posts"}],"about":[{"href":"https:\/\/www.radiointeractivo.com.mx\/index.php?rest_route=\/wp\/v2\/types\/post"}],"author":[{"embeddable":true,"href":"https:\/\/www.radiointeractivo.com.mx\/index.php?rest_route=\/wp\/v2\/users\/1"}],"replies":[{"embeddable":true,"href":"https:\/\/www.radiointeractivo.com.mx\/index.php?rest_route=%2Fwp%2Fv2%2Fcomments&post=17627"}],"version-history":[{"count":1,"href":"https:\/\/www.radiointeractivo.com.mx\/index.php?rest_route=\/wp\/v2\/posts\/17627\/revisions"}],"predecessor-version":[{"id":17629,"href":"https:\/\/www.radiointeractivo.com.mx\/index.php?rest_route=\/wp\/v2\/posts\/17627\/revisions\/17629"}],"wp:featuredmedia":[{"embeddable":true,"href":"https:\/\/www.radiointeractivo.com.mx\/index.php?rest_route=\/wp\/v2\/media\/17628"}],"wp:attachment":[{"href":"https:\/\/www.radiointeractivo.com.mx\/index.php?rest_route=%2Fwp%2Fv2%2Fmedia&parent=17627"}],"wp:term":[{"taxonomy":"category","embeddable":true,"href":"https:\/\/www.radiointeractivo.com.mx\/index.php?rest_route=%2Fwp%2Fv2%2Fcategories&post=17627"},{"taxonomy":"post_tag","embeddable":true,"href":"https:\/\/www.radiointeractivo.com.mx\/index.php?rest_route=%2Fwp%2Fv2%2Ftags&post=17627"}],"curies":[{"name":"wp","href":"https:\/\/api.w.org\/{rel}","templated":true}]}}