{"id":17605,"date":"2025-08-09T12:18:08","date_gmt":"2025-08-09T17:18:08","guid":{"rendered":"https:\/\/www.radiointeractivo.com.mx\/?p=17605"},"modified":"2025-08-09T12:18:11","modified_gmt":"2025-08-09T17:18:11","slug":"inauguran-espacio-cultural-y-artistico-en-el-parque-viveros-de-nuevo-laredo","status":"publish","type":"post","link":"https:\/\/www.radiointeractivo.com.mx\/?p=17605","title":{"rendered":"Inauguran Espacio Cultural y Art\u00edstico en el Parque Viveros de Nuevo Laredo"},"content":{"rendered":"\n<figure class=\"wp-block-image size-large\"><img loading=\"lazy\" decoding=\"async\" width=\"1024\" height=\"685\" src=\"https:\/\/www.radiointeractivo.com.mx\/wp-content\/uploads\/2025\/08\/WhatsApp-Image-2025-08-08-at-10.04.21-PM-1024x685.jpeg\" alt=\"\" class=\"wp-image-17606\" srcset=\"https:\/\/www.radiointeractivo.com.mx\/wp-content\/uploads\/2025\/08\/WhatsApp-Image-2025-08-08-at-10.04.21-PM-1024x685.jpeg 1024w, https:\/\/www.radiointeractivo.com.mx\/wp-content\/uploads\/2025\/08\/WhatsApp-Image-2025-08-08-at-10.04.21-PM-300x201.jpeg 300w, https:\/\/www.radiointeractivo.com.mx\/wp-content\/uploads\/2025\/08\/WhatsApp-Image-2025-08-08-at-10.04.21-PM-768x514.jpeg 768w, https:\/\/www.radiointeractivo.com.mx\/wp-content\/uploads\/2025\/08\/WhatsApp-Image-2025-08-08-at-10.04.21-PM-110x75.jpeg 110w, https:\/\/www.radiointeractivo.com.mx\/wp-content\/uploads\/2025\/08\/WhatsApp-Image-2025-08-08-at-10.04.21-PM.jpeg 1280w\" sizes=\"auto, (max-width: 1024px) 100vw, 1024px\" \/><\/figure>\n\n\n\n<p>Por: #NuevoLaredo #Laredo #NLD #Tamaulipas #CarmenLiliaCanturosas<\/p>\n\n\n\n<p>Nuevo Laredo, Tam.- En un ambiente festivo que reuni\u00f3 a cientos de familias con picnic, shows infantiles, m\u00fasica y baile, la presidenta municipal, Carmen Lilia Canturosas Villarreal, encabez\u00f3 la inauguraci\u00f3n del renovado Espacio Cultural y Art\u00edstico del Parque Viveros.<\/p>\n\n\n\n<p>El \u00e1rea, que forma parte de la remodelaci\u00f3n integral de este emblem\u00e1tico parque, cuenta con un auditorio al aire libre y pasto sint\u00e9tico, infraestructura que permitir\u00e1 realizar actividades y eventos dirigidos a todas las edades.<\/p>\n\n\n\n<p>Asimismo, el espacio incluye zonas destinadas a la convivencia familiar y a la presentaci\u00f3n de espect\u00e1culos culturales y art\u00edsticos, con el objetivo de fortalecer la oferta recreativa de la ciudad.<\/p>\n","protected":false},"excerpt":{"rendered":"<p>Por: #NuevoLaredo #Laredo #NLD #Tamaulipas #CarmenLiliaCanturosas Nuevo Laredo, Tam.- En un ambiente festivo que reuni\u00f3 a cientos de familias con picnic, shows infantiles, m\u00fasica y baile, la presidenta municipal, Carmen Lilia Canturosas Villarreal, encabez\u00f3 la inauguraci\u00f3n del renovado Espacio Cultural y Art\u00edstico del Parque Viveros. El \u00e1rea, que forma parte de la remodelaci\u00f3n integral de &hellip;<\/p>\n","protected":false},"author":1,"featured_media":17607,"comment_status":"open","ping_status":"open","sticky":false,"template":"","format":"standard","meta":{"footnotes":""},"categories":[38],"tags":[],"class_list":["post-17605","post","type-post","status-publish","format-standard","has-post-thumbnail","","category-nuevo-laredo"],"_links":{"self":[{"href":"https:\/\/www.radiointeractivo.com.mx\/index.php?rest_route=\/wp\/v2\/posts\/17605","targetHints":{"allow":["GET"]}}],"collection":[{"href":"https:\/\/www.radiointeractivo.com.mx\/index.php?rest_route=\/wp\/v2\/posts"}],"about":[{"href":"https:\/\/www.radiointeractivo.com.mx\/index.php?rest_route=\/wp\/v2\/types\/post"}],"author":[{"embeddable":true,"href":"https:\/\/www.radiointeractivo.com.mx\/index.php?rest_route=\/wp\/v2\/users\/1"}],"replies":[{"embeddable":true,"href":"https:\/\/www.radiointeractivo.com.mx\/index.php?rest_route=%2Fwp%2Fv2%2Fcomments&post=17605"}],"version-history":[{"count":1,"href":"https:\/\/www.radiointeractivo.com.mx\/index.php?rest_route=\/wp\/v2\/posts\/17605\/revisions"}],"predecessor-version":[{"id":17608,"href":"https:\/\/www.radiointeractivo.com.mx\/index.php?rest_route=\/wp\/v2\/posts\/17605\/revisions\/17608"}],"wp:featuredmedia":[{"embeddable":true,"href":"https:\/\/www.radiointeractivo.com.mx\/index.php?rest_route=\/wp\/v2\/media\/17607"}],"wp:attachment":[{"href":"https:\/\/www.radiointeractivo.com.mx\/index.php?rest_route=%2Fwp%2Fv2%2Fmedia&parent=17605"}],"wp:term":[{"taxonomy":"category","embeddable":true,"href":"https:\/\/www.radiointeractivo.com.mx\/index.php?rest_route=%2Fwp%2Fv2%2Fcategories&post=17605"},{"taxonomy":"post_tag","embeddable":true,"href":"https:\/\/www.radiointeractivo.com.mx\/index.php?rest_route=%2Fwp%2Fv2%2Ftags&post=17605"}],"curies":[{"name":"wp","href":"https:\/\/api.w.org\/{rel}","templated":true}]}}