{"id":17582,"date":"2025-08-07T16:24:33","date_gmt":"2025-08-07T21:24:33","guid":{"rendered":"https:\/\/www.radiointeractivo.com.mx\/?p=17582"},"modified":"2025-08-07T16:24:35","modified_gmt":"2025-08-07T21:24:35","slug":"impacta-invita-a-celebrar-el-dia-internacional-del-k-pop-con-evento-gratuito-en-nuevo-laredo","status":"publish","type":"post","link":"https:\/\/www.radiointeractivo.com.mx\/?p=17582","title":{"rendered":"IMPACTA invita a celebrar el D\u00eda Internacional del K-POP con evento gratuito en Nuevo Laredo"},"content":{"rendered":"\n<figure class=\"wp-block-image size-large\"><img loading=\"lazy\" decoding=\"async\" width=\"1024\" height=\"682\" src=\"https:\/\/www.radiointeractivo.com.mx\/wp-content\/uploads\/2025\/08\/WhatsApp-Image-2025-08-07-at-3.42.57-PM-1-1024x682.jpeg\" alt=\"\" class=\"wp-image-17583\" srcset=\"https:\/\/www.radiointeractivo.com.mx\/wp-content\/uploads\/2025\/08\/WhatsApp-Image-2025-08-07-at-3.42.57-PM-1-1024x682.jpeg 1024w, https:\/\/www.radiointeractivo.com.mx\/wp-content\/uploads\/2025\/08\/WhatsApp-Image-2025-08-07-at-3.42.57-PM-1-300x200.jpeg 300w, https:\/\/www.radiointeractivo.com.mx\/wp-content\/uploads\/2025\/08\/WhatsApp-Image-2025-08-07-at-3.42.57-PM-1-768x512.jpeg 768w, https:\/\/www.radiointeractivo.com.mx\/wp-content\/uploads\/2025\/08\/WhatsApp-Image-2025-08-07-at-3.42.57-PM-1-1536x1023.jpeg 1536w, https:\/\/www.radiointeractivo.com.mx\/wp-content\/uploads\/2025\/08\/WhatsApp-Image-2025-08-07-at-3.42.57-PM-1-310x205.jpeg 310w, https:\/\/www.radiointeractivo.com.mx\/wp-content\/uploads\/2025\/08\/WhatsApp-Image-2025-08-07-at-3.42.57-PM-1.jpeg 1600w\" sizes=\"auto, (max-width: 1024px) 100vw, 1024px\" \/><\/figure>\n\n\n\n<p>Por: Staff | #NuevoLaredo #Laredo #NLD #Tamaulipas<\/p>\n\n\n\n<p>El Instituto Municipal de Prevenci\u00f3n de Adicciones, Conductas y Tendencias Antisociales (IMPACTA), en coordinaci\u00f3n con Art Collective Entertainment, realizar\u00e1 una presentaci\u00f3n especial para conmemorar el D\u00eda Internacional del K-POP este s\u00e1bado 9 de agosto en el teatro Adolfo L\u00f3pez Mateos.<\/p>\n\n\n\n<p>El evento, que iniciar\u00e1 a las 2:30 de la tarde, contar\u00e1 con la participaci\u00f3n de DIDK-Pop y est\u00e1 dirigido a j\u00f3venes, familias y seguidores de la cultura coreana. La entrada ser\u00e1 completamente gratuita.<\/p>\n\n\n\n<p>La iniciativa forma parte de las acciones del Gobierno Municipal para fomentar entornos positivos entre la juventud, utilizando expresiones art\u00edsticas como herramientas para prevenir adicciones y conductas de riesgo.<\/p>\n\n\n\n<p>\u201cLa presentaci\u00f3n no solo busca entretener, sino tambi\u00e9n reforzar valores y fortalecer el tejido social a trav\u00e9s del arte y la cultura\u201d, se\u00f1alaron organizadores del evento.<\/p>\n\n\n\n<p>La invitaci\u00f3n est\u00e1 abierta a todo el p\u00fablico, especialmente a quienes encuentran en el K-POP una forma de expresi\u00f3n que promueve la conexi\u00f3n, la creatividad y el sentido de comunidad.<\/p>\n","protected":false},"excerpt":{"rendered":"<p>Por: Staff | #NuevoLaredo #Laredo #NLD #Tamaulipas El Instituto Municipal de Prevenci\u00f3n de Adicciones, Conductas y Tendencias Antisociales (IMPACTA), en coordinaci\u00f3n con Art Collective Entertainment, realizar\u00e1 una presentaci\u00f3n especial para conmemorar el D\u00eda Internacional del K-POP este s\u00e1bado 9 de agosto en el teatro Adolfo L\u00f3pez Mateos. El evento, que iniciar\u00e1 a las 2:30 de &hellip;<\/p>\n","protected":false},"author":1,"featured_media":17583,"comment_status":"open","ping_status":"open","sticky":false,"template":"","format":"standard","meta":{"footnotes":""},"categories":[38],"tags":[],"class_list":["post-17582","post","type-post","status-publish","format-standard","has-post-thumbnail","","category-nuevo-laredo"],"_links":{"self":[{"href":"https:\/\/www.radiointeractivo.com.mx\/index.php?rest_route=\/wp\/v2\/posts\/17582","targetHints":{"allow":["GET"]}}],"collection":[{"href":"https:\/\/www.radiointeractivo.com.mx\/index.php?rest_route=\/wp\/v2\/posts"}],"about":[{"href":"https:\/\/www.radiointeractivo.com.mx\/index.php?rest_route=\/wp\/v2\/types\/post"}],"author":[{"embeddable":true,"href":"https:\/\/www.radiointeractivo.com.mx\/index.php?rest_route=\/wp\/v2\/users\/1"}],"replies":[{"embeddable":true,"href":"https:\/\/www.radiointeractivo.com.mx\/index.php?rest_route=%2Fwp%2Fv2%2Fcomments&post=17582"}],"version-history":[{"count":1,"href":"https:\/\/www.radiointeractivo.com.mx\/index.php?rest_route=\/wp\/v2\/posts\/17582\/revisions"}],"predecessor-version":[{"id":17584,"href":"https:\/\/www.radiointeractivo.com.mx\/index.php?rest_route=\/wp\/v2\/posts\/17582\/revisions\/17584"}],"wp:featuredmedia":[{"embeddable":true,"href":"https:\/\/www.radiointeractivo.com.mx\/index.php?rest_route=\/wp\/v2\/media\/17583"}],"wp:attachment":[{"href":"https:\/\/www.radiointeractivo.com.mx\/index.php?rest_route=%2Fwp%2Fv2%2Fmedia&parent=17582"}],"wp:term":[{"taxonomy":"category","embeddable":true,"href":"https:\/\/www.radiointeractivo.com.mx\/index.php?rest_route=%2Fwp%2Fv2%2Fcategories&post=17582"},{"taxonomy":"post_tag","embeddable":true,"href":"https:\/\/www.radiointeractivo.com.mx\/index.php?rest_route=%2Fwp%2Fv2%2Ftags&post=17582"}],"curies":[{"name":"wp","href":"https:\/\/api.w.org\/{rel}","templated":true}]}}