{"id":17579,"date":"2025-08-07T16:12:37","date_gmt":"2025-08-07T21:12:37","guid":{"rendered":"https:\/\/www.radiointeractivo.com.mx\/?p=17579"},"modified":"2025-08-07T16:12:39","modified_gmt":"2025-08-07T21:12:39","slug":"gobierno-municipal-invita-a-la-tercera-feria-del-empleo-2025-con-mas-de-mil-500-vacantes","status":"publish","type":"post","link":"https:\/\/www.radiointeractivo.com.mx\/?p=17579","title":{"rendered":"Gobierno Municipal invita a la Tercera Feria del Empleo 2025 con m\u00e1s de mil 500 vacantes"},"content":{"rendered":"\n<figure class=\"wp-block-image size-large\"><img loading=\"lazy\" decoding=\"async\" width=\"1024\" height=\"682\" src=\"https:\/\/www.radiointeractivo.com.mx\/wp-content\/uploads\/2025\/08\/WhatsApp-Image-2025-08-07-at-3.38.20-PM-1-1024x682.jpeg\" alt=\"\" class=\"wp-image-17580\" srcset=\"https:\/\/www.radiointeractivo.com.mx\/wp-content\/uploads\/2025\/08\/WhatsApp-Image-2025-08-07-at-3.38.20-PM-1-1024x682.jpeg 1024w, https:\/\/www.radiointeractivo.com.mx\/wp-content\/uploads\/2025\/08\/WhatsApp-Image-2025-08-07-at-3.38.20-PM-1-300x200.jpeg 300w, https:\/\/www.radiointeractivo.com.mx\/wp-content\/uploads\/2025\/08\/WhatsApp-Image-2025-08-07-at-3.38.20-PM-1-768x512.jpeg 768w, https:\/\/www.radiointeractivo.com.mx\/wp-content\/uploads\/2025\/08\/WhatsApp-Image-2025-08-07-at-3.38.20-PM-1-1536x1023.jpeg 1536w, https:\/\/www.radiointeractivo.com.mx\/wp-content\/uploads\/2025\/08\/WhatsApp-Image-2025-08-07-at-3.38.20-PM-1-310x205.jpeg 310w, https:\/\/www.radiointeractivo.com.mx\/wp-content\/uploads\/2025\/08\/WhatsApp-Image-2025-08-07-at-3.38.20-PM-1.jpeg 1600w\" sizes=\"auto, (max-width: 1024px) 100vw, 1024px\" \/><\/figure>\n\n\n\n<p>Por: Staff | #NuevoLaredo #Laredo #NLD #Tamaulipas<\/p>\n\n\n\n<p>El Gobierno Municipal de Nuevo Laredo llevar\u00e1 a cabo la Tercera Feria del Empleo 2025 con el prop\u00f3sito de fortalecer la econom\u00eda local y facilitar la vinculaci\u00f3n laboral entre empresas y ciudadanos. El evento se realizar\u00e1 el mi\u00e9rcoles 13 de agosto en el Centro C\u00edvico Municipal, en un horario de 9:00 de la ma\u00f1ana a 2:00 de la tarde.<\/p>\n\n\n\n<p>Organizada por la Direcci\u00f3n de Comercio, Empleo y PYMES, la feria ofrecer\u00e1 m\u00e1s de mil 500 vacantes en sectores como maquiladoras, servicios, comercio y transporte. Participar\u00e1n diversas empresas locales que buscar\u00e1n cubrir puestos operativos, administrativos y profesionales.<\/p>\n\n\n\n<p>Adem\u00e1s de la oferta laboral, se brindar\u00e1 asesor\u00eda para quienes buscan integrarse por primera vez al mercado laboral o desean reincorporarse despu\u00e9s de un periodo de inactividad.<\/p>\n\n\n\n<p>Seg\u00fan datos de la Secretar\u00eda de Desarrollo Econ\u00f3mico, cada edici\u00f3n de esta feria logra una vinculaci\u00f3n directa promedio de m\u00e1s de 80 personas con empleadores, lo que incrementa significativamente las posibilidades de contrataci\u00f3n inmediata.<\/p>\n\n\n\n<p>La Feria del Empleo forma parte de un programa permanente que busca llevar oportunidades laborales a diversos sectores de la ciudad, acercando los servicios de vinculaci\u00f3n a trav\u00e9s de jornadas en espacios p\u00fablicos y colonias de Nuevo Laredo.<\/p>\n","protected":false},"excerpt":{"rendered":"<p>Por: Staff | #NuevoLaredo #Laredo #NLD #Tamaulipas El Gobierno Municipal de Nuevo Laredo llevar\u00e1 a cabo la Tercera Feria del Empleo 2025 con el prop\u00f3sito de fortalecer la econom\u00eda local y facilitar la vinculaci\u00f3n laboral entre empresas y ciudadanos. El evento se realizar\u00e1 el mi\u00e9rcoles 13 de agosto en el Centro C\u00edvico Municipal, en un &hellip;<\/p>\n","protected":false},"author":1,"featured_media":17580,"comment_status":"open","ping_status":"open","sticky":false,"template":"","format":"standard","meta":{"footnotes":""},"categories":[38],"tags":[],"class_list":["post-17579","post","type-post","status-publish","format-standard","has-post-thumbnail","","category-nuevo-laredo"],"_links":{"self":[{"href":"https:\/\/www.radiointeractivo.com.mx\/index.php?rest_route=\/wp\/v2\/posts\/17579","targetHints":{"allow":["GET"]}}],"collection":[{"href":"https:\/\/www.radiointeractivo.com.mx\/index.php?rest_route=\/wp\/v2\/posts"}],"about":[{"href":"https:\/\/www.radiointeractivo.com.mx\/index.php?rest_route=\/wp\/v2\/types\/post"}],"author":[{"embeddable":true,"href":"https:\/\/www.radiointeractivo.com.mx\/index.php?rest_route=\/wp\/v2\/users\/1"}],"replies":[{"embeddable":true,"href":"https:\/\/www.radiointeractivo.com.mx\/index.php?rest_route=%2Fwp%2Fv2%2Fcomments&post=17579"}],"version-history":[{"count":1,"href":"https:\/\/www.radiointeractivo.com.mx\/index.php?rest_route=\/wp\/v2\/posts\/17579\/revisions"}],"predecessor-version":[{"id":17581,"href":"https:\/\/www.radiointeractivo.com.mx\/index.php?rest_route=\/wp\/v2\/posts\/17579\/revisions\/17581"}],"wp:featuredmedia":[{"embeddable":true,"href":"https:\/\/www.radiointeractivo.com.mx\/index.php?rest_route=\/wp\/v2\/media\/17580"}],"wp:attachment":[{"href":"https:\/\/www.radiointeractivo.com.mx\/index.php?rest_route=%2Fwp%2Fv2%2Fmedia&parent=17579"}],"wp:term":[{"taxonomy":"category","embeddable":true,"href":"https:\/\/www.radiointeractivo.com.mx\/index.php?rest_route=%2Fwp%2Fv2%2Fcategories&post=17579"},{"taxonomy":"post_tag","embeddable":true,"href":"https:\/\/www.radiointeractivo.com.mx\/index.php?rest_route=%2Fwp%2Fv2%2Ftags&post=17579"}],"curies":[{"name":"wp","href":"https:\/\/api.w.org\/{rel}","templated":true}]}}