{"id":17576,"date":"2025-08-07T15:49:25","date_gmt":"2025-08-07T20:49:25","guid":{"rendered":"https:\/\/www.radiointeractivo.com.mx\/?p=17576"},"modified":"2025-08-07T15:49:27","modified_gmt":"2025-08-07T20:49:27","slug":"nuevo-laredo-sera-sede-de-la-21a-reunion-del-semaforo-del-agua","status":"publish","type":"post","link":"https:\/\/www.radiointeractivo.com.mx\/?p=17576","title":{"rendered":"Nuevo Laredo ser\u00e1 sede de la 21\u00aa Reuni\u00f3n del Sem\u00e1foro del Agua"},"content":{"rendered":"\n<figure class=\"wp-block-image size-large\"><img loading=\"lazy\" decoding=\"async\" width=\"1024\" height=\"682\" src=\"https:\/\/www.radiointeractivo.com.mx\/wp-content\/uploads\/2025\/08\/WhatsApp-Image-2025-08-07-at-3.36.56-PM-1024x682.jpeg\" alt=\"\" class=\"wp-image-17577\" srcset=\"https:\/\/www.radiointeractivo.com.mx\/wp-content\/uploads\/2025\/08\/WhatsApp-Image-2025-08-07-at-3.36.56-PM-1024x682.jpeg 1024w, https:\/\/www.radiointeractivo.com.mx\/wp-content\/uploads\/2025\/08\/WhatsApp-Image-2025-08-07-at-3.36.56-PM-300x200.jpeg 300w, https:\/\/www.radiointeractivo.com.mx\/wp-content\/uploads\/2025\/08\/WhatsApp-Image-2025-08-07-at-3.36.56-PM-768x511.jpeg 768w, https:\/\/www.radiointeractivo.com.mx\/wp-content\/uploads\/2025\/08\/WhatsApp-Image-2025-08-07-at-3.36.56-PM-310x205.jpeg 310w, https:\/\/www.radiointeractivo.com.mx\/wp-content\/uploads\/2025\/08\/WhatsApp-Image-2025-08-07-at-3.36.56-PM.jpeg 1280w\" sizes=\"auto, (max-width: 1024px) 100vw, 1024px\" \/><\/figure>\n\n\n\n<p>Por: Staff | #NuevoLaredo #Laredo #NLD #Tamaulipas<\/p>\n\n\n\n<p>Este viernes 8 de agosto, Nuevo Laredo ser\u00e1 sede de la vig\u00e9sima primera reuni\u00f3n ordinaria del Comit\u00e9 de Seguimiento y Evaluaci\u00f3n del Sem\u00e1foro del Cuidado del Agua, encabezada por el secretario de Recursos Hidr\u00e1ulicos para el Desarrollo Social, Ra\u00fal Quiroga \u00c1lvarez.<\/p>\n\n\n\n<p>La sesi\u00f3n se llevar\u00e1 a cabo a las 10:00 de la ma\u00f1ana en la Infoteca Sor Juana In\u00e9s de la Cruz, con la participaci\u00f3n de gerentes de organismos operadores del agua de todo el estado, representantes de dependencias estatales y municipales, as\u00ed como l\u00edderes del sector.<\/p>\n\n\n\n<p>El encuentro tendr\u00e1 como tema central el an\u00e1lisis de la situaci\u00f3n actual de escasez de agua en la regi\u00f3n, derivada del descenso en los niveles de almacenamiento, lo que representa un riesgo de desabasto para diversas zonas del estado.<\/p>\n\n\n\n<p>La arquitecta Silvia Fern\u00e1ndez, gerente general de COMAPA Nuevo Laredo, expres\u00f3 la importancia de que la ciudad albergue esta reuni\u00f3n:<br>\u201cEstamos muy contentos de recibirlos y poder ser anfitriones, queremos aprovechar para que la ciudadan\u00eda est\u00e9 informada y tome conciencia con car\u00e1cter urgente del estatus en rojo en el que hemos permanecido desde la implementaci\u00f3n de este sem\u00e1foro en el 2023\u201d, se\u00f1al\u00f3.<\/p>\n\n\n\n<p>Tras concluir la sesi\u00f3n, se dar\u00e1 a conocer la actualizaci\u00f3n oficial del Sem\u00e1foro del Cuidado del Agua, una herramienta que permite monitorear y alertar sobre el estado del recurso h\u00eddrico en Tamaulipas. Los resultados ser\u00e1n publicados en el Peri\u00f3dico Oficial del Estado.<\/p>\n\n\n\n<p>Con esta actividad, Nuevo Laredo reafirma su papel como punto clave en la toma de decisiones sobre el manejo responsable del agua en el estado.<\/p>\n","protected":false},"excerpt":{"rendered":"<p>Por: Staff | #NuevoLaredo #Laredo #NLD #Tamaulipas Este viernes 8 de agosto, Nuevo Laredo ser\u00e1 sede de la vig\u00e9sima primera reuni\u00f3n ordinaria del Comit\u00e9 de Seguimiento y Evaluaci\u00f3n del Sem\u00e1foro del Cuidado del Agua, encabezada por el secretario de Recursos Hidr\u00e1ulicos para el Desarrollo Social, Ra\u00fal Quiroga \u00c1lvarez. La sesi\u00f3n se llevar\u00e1 a cabo a &hellip;<\/p>\n","protected":false},"author":1,"featured_media":17577,"comment_status":"open","ping_status":"open","sticky":false,"template":"","format":"standard","meta":{"footnotes":""},"categories":[38],"tags":[],"class_list":["post-17576","post","type-post","status-publish","format-standard","has-post-thumbnail","","category-nuevo-laredo"],"_links":{"self":[{"href":"https:\/\/www.radiointeractivo.com.mx\/index.php?rest_route=\/wp\/v2\/posts\/17576","targetHints":{"allow":["GET"]}}],"collection":[{"href":"https:\/\/www.radiointeractivo.com.mx\/index.php?rest_route=\/wp\/v2\/posts"}],"about":[{"href":"https:\/\/www.radiointeractivo.com.mx\/index.php?rest_route=\/wp\/v2\/types\/post"}],"author":[{"embeddable":true,"href":"https:\/\/www.radiointeractivo.com.mx\/index.php?rest_route=\/wp\/v2\/users\/1"}],"replies":[{"embeddable":true,"href":"https:\/\/www.radiointeractivo.com.mx\/index.php?rest_route=%2Fwp%2Fv2%2Fcomments&post=17576"}],"version-history":[{"count":1,"href":"https:\/\/www.radiointeractivo.com.mx\/index.php?rest_route=\/wp\/v2\/posts\/17576\/revisions"}],"predecessor-version":[{"id":17578,"href":"https:\/\/www.radiointeractivo.com.mx\/index.php?rest_route=\/wp\/v2\/posts\/17576\/revisions\/17578"}],"wp:featuredmedia":[{"embeddable":true,"href":"https:\/\/www.radiointeractivo.com.mx\/index.php?rest_route=\/wp\/v2\/media\/17577"}],"wp:attachment":[{"href":"https:\/\/www.radiointeractivo.com.mx\/index.php?rest_route=%2Fwp%2Fv2%2Fmedia&parent=17576"}],"wp:term":[{"taxonomy":"category","embeddable":true,"href":"https:\/\/www.radiointeractivo.com.mx\/index.php?rest_route=%2Fwp%2Fv2%2Fcategories&post=17576"},{"taxonomy":"post_tag","embeddable":true,"href":"https:\/\/www.radiointeractivo.com.mx\/index.php?rest_route=%2Fwp%2Fv2%2Ftags&post=17576"}],"curies":[{"name":"wp","href":"https:\/\/api.w.org\/{rel}","templated":true}]}}