{"id":17573,"date":"2025-08-07T15:32:39","date_gmt":"2025-08-07T20:32:39","guid":{"rendered":"https:\/\/www.radiointeractivo.com.mx\/?p=17573"},"modified":"2025-08-07T15:32:42","modified_gmt":"2025-08-07T20:32:42","slug":"acerca-gobierno-municipal-servicios-a-la-colonia-nueva-victoria-con-el-programa-presidencia-cerquita-de-ti","status":"publish","type":"post","link":"https:\/\/www.radiointeractivo.com.mx\/?p=17573","title":{"rendered":"Acerca Gobierno Municipal servicios a la colonia Nueva Victoria con el programa \u201cPresidencia Cerquita de Ti\u201d"},"content":{"rendered":"\n<figure class=\"wp-block-image size-large\"><img loading=\"lazy\" decoding=\"async\" width=\"1024\" height=\"685\" src=\"https:\/\/www.radiointeractivo.com.mx\/wp-content\/uploads\/2025\/08\/WhatsApp-Image-2025-08-07-at-2.53.41-PM-1024x685.jpeg\" alt=\"\" class=\"wp-image-17574\" srcset=\"https:\/\/www.radiointeractivo.com.mx\/wp-content\/uploads\/2025\/08\/WhatsApp-Image-2025-08-07-at-2.53.41-PM-1024x685.jpeg 1024w, https:\/\/www.radiointeractivo.com.mx\/wp-content\/uploads\/2025\/08\/WhatsApp-Image-2025-08-07-at-2.53.41-PM-300x201.jpeg 300w, https:\/\/www.radiointeractivo.com.mx\/wp-content\/uploads\/2025\/08\/WhatsApp-Image-2025-08-07-at-2.53.41-PM-768x514.jpeg 768w, https:\/\/www.radiointeractivo.com.mx\/wp-content\/uploads\/2025\/08\/WhatsApp-Image-2025-08-07-at-2.53.41-PM-1536x1027.jpeg 1536w, https:\/\/www.radiointeractivo.com.mx\/wp-content\/uploads\/2025\/08\/WhatsApp-Image-2025-08-07-at-2.53.41-PM-110x75.jpeg 110w, https:\/\/www.radiointeractivo.com.mx\/wp-content\/uploads\/2025\/08\/WhatsApp-Image-2025-08-07-at-2.53.41-PM.jpeg 1600w\" sizes=\"auto, (max-width: 1024px) 100vw, 1024px\" \/><\/figure>\n\n\n\n<p>Por: Staff | #NuevoLaredo #Laredo #NLD #Tamaulipas<\/p>\n\n\n\n<p>Como parte de su pol\u00edtica de cercan\u00eda con la ciudadan\u00eda, la presidenta municipal de Nuevo Laredo, Carmen Lilia Canturosas Villarreal, encabez\u00f3 una nueva jornada del programa \u201cPresidencia Cerquita de Ti\u201d, en la colonia Nueva Victoria.<\/p>\n\n\n\n<p>Durante la visita, la alcaldesa recorri\u00f3 la zona, dialog\u00f3 directamente con las y los vecinos, escuch\u00f3 sus inquietudes y supervis\u00f3 los servicios brindados por diversas dependencias municipales.<\/p>\n\n\n\n<p>Entre los apoyos ofrecidos de forma gratuita se incluyeron consultas m\u00e9dicas, entrega de medicamentos, tr\u00e1mites del Registro Civil, vacunaci\u00f3n antirr\u00e1bica, cortes de cabello, asesor\u00eda legal, orientaci\u00f3n psicol\u00f3gica, informaci\u00f3n sobre programas sociales y labores de mantenimiento urbano.<\/p>\n\n\n\n<p>\u201cEste programa naci\u00f3 para estar donde m\u00e1s se necesita al gobierno, en las colonias, con la gente. Nuestra prioridad es atender de frente, dar soluciones reales y seguir transformando Nuevo Laredo desde sus comunidades\u201d, expres\u00f3 la alcaldesa durante la jornada.<\/p>\n\n\n\n<p>Adem\u00e1s, se entregaron apoyos directos a familias en situaci\u00f3n vulnerable, como sillas de ruedas, despensas, atenci\u00f3n m\u00e9dica especializada y acompa\u00f1amiento legal.<\/p>\n\n\n\n<p>Canturosas Villarreal estuvo acompa\u00f1ada por miembros del Cabildo e integrantes de su gabinete, quienes atendieron y resolvieron en el momento diversas solicitudes de la ciudadan\u00eda.<\/p>\n\n\n\n<p>Residentes de Nueva Victoria agradecieron la visita y destacaron los beneficios de contar con estos servicios en su propia comunidad, lo que les permiti\u00f3 realizar tr\u00e1mites y recibir atenci\u00f3n sin necesidad de trasladarse a otras zonas de la ciudad.<\/p>\n\n\n\n<p>Con este tipo de acciones, el Gobierno Municipal reafirma su visi\u00f3n de un gobierno humanista y cercano, fortaleciendo el v\u00ednculo con la poblaci\u00f3n y llevando soluciones directas a quienes m\u00e1s lo necesitan.<\/p>\n","protected":false},"excerpt":{"rendered":"<p>Por: Staff | #NuevoLaredo #Laredo #NLD #Tamaulipas Como parte de su pol\u00edtica de cercan\u00eda con la ciudadan\u00eda, la presidenta municipal de Nuevo Laredo, Carmen Lilia Canturosas Villarreal, encabez\u00f3 una nueva jornada del programa \u201cPresidencia Cerquita de Ti\u201d, en la colonia Nueva Victoria. Durante la visita, la alcaldesa recorri\u00f3 la zona, dialog\u00f3 directamente con las y &hellip;<\/p>\n","protected":false},"author":1,"featured_media":17574,"comment_status":"open","ping_status":"open","sticky":false,"template":"","format":"standard","meta":{"footnotes":""},"categories":[38],"tags":[],"class_list":["post-17573","post","type-post","status-publish","format-standard","has-post-thumbnail","","category-nuevo-laredo"],"_links":{"self":[{"href":"https:\/\/www.radiointeractivo.com.mx\/index.php?rest_route=\/wp\/v2\/posts\/17573","targetHints":{"allow":["GET"]}}],"collection":[{"href":"https:\/\/www.radiointeractivo.com.mx\/index.php?rest_route=\/wp\/v2\/posts"}],"about":[{"href":"https:\/\/www.radiointeractivo.com.mx\/index.php?rest_route=\/wp\/v2\/types\/post"}],"author":[{"embeddable":true,"href":"https:\/\/www.radiointeractivo.com.mx\/index.php?rest_route=\/wp\/v2\/users\/1"}],"replies":[{"embeddable":true,"href":"https:\/\/www.radiointeractivo.com.mx\/index.php?rest_route=%2Fwp%2Fv2%2Fcomments&post=17573"}],"version-history":[{"count":1,"href":"https:\/\/www.radiointeractivo.com.mx\/index.php?rest_route=\/wp\/v2\/posts\/17573\/revisions"}],"predecessor-version":[{"id":17575,"href":"https:\/\/www.radiointeractivo.com.mx\/index.php?rest_route=\/wp\/v2\/posts\/17573\/revisions\/17575"}],"wp:featuredmedia":[{"embeddable":true,"href":"https:\/\/www.radiointeractivo.com.mx\/index.php?rest_route=\/wp\/v2\/media\/17574"}],"wp:attachment":[{"href":"https:\/\/www.radiointeractivo.com.mx\/index.php?rest_route=%2Fwp%2Fv2%2Fmedia&parent=17573"}],"wp:term":[{"taxonomy":"category","embeddable":true,"href":"https:\/\/www.radiointeractivo.com.mx\/index.php?rest_route=%2Fwp%2Fv2%2Fcategories&post=17573"},{"taxonomy":"post_tag","embeddable":true,"href":"https:\/\/www.radiointeractivo.com.mx\/index.php?rest_route=%2Fwp%2Fv2%2Ftags&post=17573"}],"curies":[{"name":"wp","href":"https:\/\/api.w.org\/{rel}","templated":true}]}}