{"id":17569,"date":"2025-08-06T15:12:48","date_gmt":"2025-08-06T20:12:48","guid":{"rendered":"https:\/\/www.radiointeractivo.com.mx\/?p=17569"},"modified":"2025-08-06T15:12:50","modified_gmt":"2025-08-06T20:12:50","slug":"abre-dif-inscripciones-para-clases-gratuitas-en-la-escuela-de-musica","status":"publish","type":"post","link":"https:\/\/www.radiointeractivo.com.mx\/?p=17569","title":{"rendered":"Abre DIF inscripciones para clases gratuitas en la Escuela de M\u00fasica"},"content":{"rendered":"\n<figure class=\"wp-block-image size-large\"><img loading=\"lazy\" decoding=\"async\" width=\"1024\" height=\"682\" src=\"https:\/\/www.radiointeractivo.com.mx\/wp-content\/uploads\/2025\/08\/WhatsApp-Image-2025-08-06-at-2.47.41-PM-1-1024x682.jpeg\" alt=\"\" class=\"wp-image-17570\" srcset=\"https:\/\/www.radiointeractivo.com.mx\/wp-content\/uploads\/2025\/08\/WhatsApp-Image-2025-08-06-at-2.47.41-PM-1-1024x682.jpeg 1024w, https:\/\/www.radiointeractivo.com.mx\/wp-content\/uploads\/2025\/08\/WhatsApp-Image-2025-08-06-at-2.47.41-PM-1-300x200.jpeg 300w, https:\/\/www.radiointeractivo.com.mx\/wp-content\/uploads\/2025\/08\/WhatsApp-Image-2025-08-06-at-2.47.41-PM-1-768x512.jpeg 768w, https:\/\/www.radiointeractivo.com.mx\/wp-content\/uploads\/2025\/08\/WhatsApp-Image-2025-08-06-at-2.47.41-PM-1-310x205.jpeg 310w, https:\/\/www.radiointeractivo.com.mx\/wp-content\/uploads\/2025\/08\/WhatsApp-Image-2025-08-06-at-2.47.41-PM-1.jpeg 1280w\" sizes=\"auto, (max-width: 1024px) 100vw, 1024px\" \/><\/figure>\n\n\n\n<p>Por: Staff | #NuevoLaredo #Laredo #NLD #Tamaulipas<\/p>\n\n\n\n<p>El Sistema DIF Nuevo Laredo abri\u00f3 el periodo de inscripciones para el ciclo agosto-diciembre 2025 de su Escuela de M\u00fasica, donde ni\u00f1as, ni\u00f1os, j\u00f3venes y adultos podr\u00e1n acceder a clases totalmente gratuitas en distintas disciplinas musicales.<\/p>\n\n\n\n<p>La convocatoria estar\u00e1 vigente del 6 al 15 de agosto, en horario de 9:30 de la ma\u00f1ana a 2:00 de la tarde y de 3:00 a 6:00 de la tarde, en las instalaciones ubicadas en Eva S\u00e1mano 1511, colonia La Fe.<\/p>\n\n\n\n<p>El director general del organismo, Viviano V\u00e1zquez Mac\u00edas, destac\u00f3 el impacto positivo de esta iniciativa, subrayando el compromiso del DIF por acercar a la comunidad actividades art\u00edsticas accesibles y de calidad.<\/p>\n\n\n\n<p>\u201cInvitamos a todas las familias a aprovechar esta oportunidad que el DIF pone a su alcance. La m\u00fasica no solo es arte, es una herramienta para fortalecer valores y abrir puertas a nuevas experiencias\u201d, expres\u00f3 V\u00e1zquez Mac\u00edas.<\/p>\n\n\n\n<p>La oferta educativa incluye clases de Coro, Flauta Moderna, Tromb\u00f3n, Canto, Clarinete, Saxof\u00f3n, Tuba, Viol\u00edn, Banda Sinf\u00f3nica Comunitaria, Teclado, Trompeta, Guitarra ac\u00fastica y el\u00e9ctrica, Bugle, Ukelele, Corno Franc\u00e9s, Percusi\u00f3n, Bar\u00edtono, Bater\u00eda y m\u00fasica para personas con discapacidad.<\/p>\n\n\n\n<p>Los interesados deber\u00e1n presentar copia del acta de nacimiento, CURP, comprobante de domicilio, INE del padre, madre o tutor en caso de ser menores de edad, dos fotograf\u00edas tama\u00f1o infantil y contar con instrumento propio. La edad m\u00ednima para inscribirse var\u00eda seg\u00fan la clase, siendo 7 a\u00f1os el requisito general en la mayor\u00eda de los cursos.<\/p>\n\n\n\n<p>Las clases comenzar\u00e1n el 18 de agosto, con el objetivo de fomentar el talento art\u00edstico y fortalecer el desarrollo integral de los participantes.<\/p>\n\n\n\n<p>Con esta iniciativa, el DIF Nuevo Laredo refrenda su compromiso de brindar oportunidades de formaci\u00f3n cultural y art\u00edstica para toda la comunidad, promoviendo la inclusi\u00f3n, el talento local y el acceso igualitario al arte.<\/p>\n","protected":false},"excerpt":{"rendered":"<p>Por: Staff | #NuevoLaredo #Laredo #NLD #Tamaulipas El Sistema DIF Nuevo Laredo abri\u00f3 el periodo de inscripciones para el ciclo agosto-diciembre 2025 de su Escuela de M\u00fasica, donde ni\u00f1as, ni\u00f1os, j\u00f3venes y adultos podr\u00e1n acceder a clases totalmente gratuitas en distintas disciplinas musicales. La convocatoria estar\u00e1 vigente del 6 al 15 de agosto, en horario &hellip;<\/p>\n","protected":false},"author":1,"featured_media":17570,"comment_status":"open","ping_status":"open","sticky":false,"template":"","format":"standard","meta":{"footnotes":""},"categories":[38],"tags":[],"class_list":["post-17569","post","type-post","status-publish","format-standard","has-post-thumbnail","","category-nuevo-laredo"],"_links":{"self":[{"href":"https:\/\/www.radiointeractivo.com.mx\/index.php?rest_route=\/wp\/v2\/posts\/17569","targetHints":{"allow":["GET"]}}],"collection":[{"href":"https:\/\/www.radiointeractivo.com.mx\/index.php?rest_route=\/wp\/v2\/posts"}],"about":[{"href":"https:\/\/www.radiointeractivo.com.mx\/index.php?rest_route=\/wp\/v2\/types\/post"}],"author":[{"embeddable":true,"href":"https:\/\/www.radiointeractivo.com.mx\/index.php?rest_route=\/wp\/v2\/users\/1"}],"replies":[{"embeddable":true,"href":"https:\/\/www.radiointeractivo.com.mx\/index.php?rest_route=%2Fwp%2Fv2%2Fcomments&post=17569"}],"version-history":[{"count":1,"href":"https:\/\/www.radiointeractivo.com.mx\/index.php?rest_route=\/wp\/v2\/posts\/17569\/revisions"}],"predecessor-version":[{"id":17571,"href":"https:\/\/www.radiointeractivo.com.mx\/index.php?rest_route=\/wp\/v2\/posts\/17569\/revisions\/17571"}],"wp:featuredmedia":[{"embeddable":true,"href":"https:\/\/www.radiointeractivo.com.mx\/index.php?rest_route=\/wp\/v2\/media\/17570"}],"wp:attachment":[{"href":"https:\/\/www.radiointeractivo.com.mx\/index.php?rest_route=%2Fwp%2Fv2%2Fmedia&parent=17569"}],"wp:term":[{"taxonomy":"category","embeddable":true,"href":"https:\/\/www.radiointeractivo.com.mx\/index.php?rest_route=%2Fwp%2Fv2%2Fcategories&post=17569"},{"taxonomy":"post_tag","embeddable":true,"href":"https:\/\/www.radiointeractivo.com.mx\/index.php?rest_route=%2Fwp%2Fv2%2Ftags&post=17569"}],"curies":[{"name":"wp","href":"https:\/\/api.w.org\/{rel}","templated":true}]}}