{"id":17566,"date":"2025-08-06T14:52:47","date_gmt":"2025-08-06T19:52:47","guid":{"rendered":"https:\/\/www.radiointeractivo.com.mx\/?p=17566"},"modified":"2025-08-06T14:52:49","modified_gmt":"2025-08-06T19:52:49","slug":"brindara-gobierno-municipal-certificados-medicos-gratuitos-para-el-regreso-a-clases-en-clinicas-une","status":"publish","type":"post","link":"https:\/\/www.radiointeractivo.com.mx\/?p=17566","title":{"rendered":"Brindar\u00e1 Gobierno Municipal certificados m\u00e9dicos gratuitos para el regreso a clases en Cl\u00ednicas UNE"},"content":{"rendered":"\n<figure class=\"wp-block-image size-large\"><img loading=\"lazy\" decoding=\"async\" width=\"1024\" height=\"684\" src=\"https:\/\/www.radiointeractivo.com.mx\/wp-content\/uploads\/2025\/08\/WhatsApp-Image-2025-08-06-at-2.41.51-PM-1024x684.jpeg\" alt=\"\" class=\"wp-image-17567\" srcset=\"https:\/\/www.radiointeractivo.com.mx\/wp-content\/uploads\/2025\/08\/WhatsApp-Image-2025-08-06-at-2.41.51-PM-1024x684.jpeg 1024w, https:\/\/www.radiointeractivo.com.mx\/wp-content\/uploads\/2025\/08\/WhatsApp-Image-2025-08-06-at-2.41.51-PM-300x200.jpeg 300w, https:\/\/www.radiointeractivo.com.mx\/wp-content\/uploads\/2025\/08\/WhatsApp-Image-2025-08-06-at-2.41.51-PM-768x513.jpeg 768w, https:\/\/www.radiointeractivo.com.mx\/wp-content\/uploads\/2025\/08\/WhatsApp-Image-2025-08-06-at-2.41.51-PM.jpeg 1440w\" sizes=\"auto, (max-width: 1024px) 100vw, 1024px\" \/><\/figure>\n\n\n\n<p>Por: Staff | #NuevoLaredo #Laredo #NLD #Tamaulipas<\/p>\n\n\n\n<p>Como parte de las acciones para apoyar la econom\u00eda familiar y fortalecer el acceso a la educaci\u00f3n, el Gobierno Municipal de Nuevo Laredo anunci\u00f3 que durante el mes de agosto estar\u00e1 disponible de forma gratuita el tr\u00e1mite del certificado m\u00e9dico escolar en las 11 Cl\u00ednicas UNE de la ciudad.<\/p>\n\n\n\n<p>La alcaldesa Carmen Lilia Canturosas Villarreal dio a conocer esta iniciativa a trav\u00e9s de sus redes sociales, destacando que se trata de un apoyo directo a las madres y padres de familia que deben cumplir con este requisito para el inicio del ciclo escolar 2025-2026.<\/p>\n\n\n\n<p>\u201cTenemos disponible este tr\u00e1mite totalmente gratuito para que en este regreso a clases los padres de familia tengan un ahorro y una preocupaci\u00f3n menos. Saben que mi compromiso es con las familias de Nuevo Laredo, y seguiremos trabajando para brindarles apoyos reales que mejoren su calidad de vida\u201d, expres\u00f3 Canturosas Villarreal.<\/p>\n\n\n\n<p>El certificado m\u00e9dico es un requisito solicitado por las instituciones educativas para garantizar que ni\u00f1as y ni\u00f1os se encuentran en condiciones \u00f3ptimas de salud al reintegrarse a clases. Su emisi\u00f3n permite detectar oportunamente posibles padecimientos y contribuir a un entorno escolar m\u00e1s seguro y saludable.<\/p>\n\n\n\n<p>El servicio se ofrecer\u00e1 de lunes a viernes, de 8:00 de la ma\u00f1ana a 3:30 de la tarde, en las cl\u00ednicas ubicadas en las colonias Valles del Para\u00edso, Campanario, Nueva Era, Los Toboganes, Santa Cecilia, Los Olivos II, El Progreso, Palmares, Primero de Mayo, Valles de An\u00e1huac y La Joya.<\/p>\n\n\n\n<p>\u201cInvito a todas las madres y padres de familia a que acudan a la Cl\u00ednica UNE m\u00e1s cercana, aprovechen este beneficio sin costo y tengan todo listo para el regreso a clases de sus hijas e hijos\u201d, a\u00f1adi\u00f3 la presidenta municipal.<\/p>\n\n\n\n<p>Con esta campa\u00f1a, el Gobierno Municipal reafirma su compromiso con el bienestar integral de la ni\u00f1ez neolaredense, ofreciendo soluciones pr\u00e1cticas que impactan directamente en la salud y econom\u00eda de las familias.<\/p>\n","protected":false},"excerpt":{"rendered":"<p>Por: Staff | #NuevoLaredo #Laredo #NLD #Tamaulipas Como parte de las acciones para apoyar la econom\u00eda familiar y fortalecer el acceso a la educaci\u00f3n, el Gobierno Municipal de Nuevo Laredo anunci\u00f3 que durante el mes de agosto estar\u00e1 disponible de forma gratuita el tr\u00e1mite del certificado m\u00e9dico escolar en las 11 Cl\u00ednicas UNE de la &hellip;<\/p>\n","protected":false},"author":1,"featured_media":17567,"comment_status":"open","ping_status":"open","sticky":false,"template":"","format":"standard","meta":{"footnotes":""},"categories":[38],"tags":[],"class_list":["post-17566","post","type-post","status-publish","format-standard","has-post-thumbnail","","category-nuevo-laredo"],"_links":{"self":[{"href":"https:\/\/www.radiointeractivo.com.mx\/index.php?rest_route=\/wp\/v2\/posts\/17566","targetHints":{"allow":["GET"]}}],"collection":[{"href":"https:\/\/www.radiointeractivo.com.mx\/index.php?rest_route=\/wp\/v2\/posts"}],"about":[{"href":"https:\/\/www.radiointeractivo.com.mx\/index.php?rest_route=\/wp\/v2\/types\/post"}],"author":[{"embeddable":true,"href":"https:\/\/www.radiointeractivo.com.mx\/index.php?rest_route=\/wp\/v2\/users\/1"}],"replies":[{"embeddable":true,"href":"https:\/\/www.radiointeractivo.com.mx\/index.php?rest_route=%2Fwp%2Fv2%2Fcomments&post=17566"}],"version-history":[{"count":1,"href":"https:\/\/www.radiointeractivo.com.mx\/index.php?rest_route=\/wp\/v2\/posts\/17566\/revisions"}],"predecessor-version":[{"id":17568,"href":"https:\/\/www.radiointeractivo.com.mx\/index.php?rest_route=\/wp\/v2\/posts\/17566\/revisions\/17568"}],"wp:featuredmedia":[{"embeddable":true,"href":"https:\/\/www.radiointeractivo.com.mx\/index.php?rest_route=\/wp\/v2\/media\/17567"}],"wp:attachment":[{"href":"https:\/\/www.radiointeractivo.com.mx\/index.php?rest_route=%2Fwp%2Fv2%2Fmedia&parent=17566"}],"wp:term":[{"taxonomy":"category","embeddable":true,"href":"https:\/\/www.radiointeractivo.com.mx\/index.php?rest_route=%2Fwp%2Fv2%2Fcategories&post=17566"},{"taxonomy":"post_tag","embeddable":true,"href":"https:\/\/www.radiointeractivo.com.mx\/index.php?rest_route=%2Fwp%2Fv2%2Ftags&post=17566"}],"curies":[{"name":"wp","href":"https:\/\/api.w.org\/{rel}","templated":true}]}}