{"id":17563,"date":"2025-08-06T14:23:41","date_gmt":"2025-08-06T19:23:41","guid":{"rendered":"https:\/\/www.radiointeractivo.com.mx\/?p=17563"},"modified":"2025-08-06T14:23:43","modified_gmt":"2025-08-06T19:23:43","slug":"ninas-y-ninos-participan-en-curso-de-verano-con-enfoque-educativo-y-emocional","status":"publish","type":"post","link":"https:\/\/www.radiointeractivo.com.mx\/?p=17563","title":{"rendered":"Ni\u00f1as y ni\u00f1os participan en curso de verano con enfoque educativo y emocional"},"content":{"rendered":"\n<figure class=\"wp-block-image size-large\"><img loading=\"lazy\" decoding=\"async\" width=\"1024\" height=\"684\" src=\"https:\/\/www.radiointeractivo.com.mx\/wp-content\/uploads\/2025\/08\/WhatsApp-Image-2025-08-06-at-11.25.06-AM-1-1024x684.jpeg\" alt=\"\" class=\"wp-image-17564\" srcset=\"https:\/\/www.radiointeractivo.com.mx\/wp-content\/uploads\/2025\/08\/WhatsApp-Image-2025-08-06-at-11.25.06-AM-1-1024x684.jpeg 1024w, https:\/\/www.radiointeractivo.com.mx\/wp-content\/uploads\/2025\/08\/WhatsApp-Image-2025-08-06-at-11.25.06-AM-1-300x200.jpeg 300w, https:\/\/www.radiointeractivo.com.mx\/wp-content\/uploads\/2025\/08\/WhatsApp-Image-2025-08-06-at-11.25.06-AM-1-768x513.jpeg 768w, https:\/\/www.radiointeractivo.com.mx\/wp-content\/uploads\/2025\/08\/WhatsApp-Image-2025-08-06-at-11.25.06-AM-1-1536x1026.jpeg 1536w, https:\/\/www.radiointeractivo.com.mx\/wp-content\/uploads\/2025\/08\/WhatsApp-Image-2025-08-06-at-11.25.06-AM-1.jpeg 1600w\" sizes=\"auto, (max-width: 1024px) 100vw, 1024px\" \/><\/figure>\n\n\n\n<p>Por: Staff | #NuevoLaredo #Laredo #NLD #Tamaulipas<\/p>\n\n\n\n<p>Con una entusiasta participaci\u00f3n de ni\u00f1as y ni\u00f1os de entre 6 y 12 a\u00f1os, se desarrolla el Curso de Verano 2025 del Programa de Apoyo Integral Educativo y Emocional, impulsado por la Secretar\u00eda de Educaci\u00f3n, Cultura y Deporte del Gobierno Municipal.<\/p>\n\n\n\n<p>El campamento, que se lleva a cabo en diversas sedes de la ciudad, est\u00e1 dirigido a menores que enfrentan dificultades acad\u00e9micas o emocionales. Su objetivo es reforzar sus conocimientos y brindarles atenci\u00f3n especializada a trav\u00e9s de actividades de regularizaci\u00f3n en lecto-escritura, espa\u00f1ol y matem\u00e1ticas, adem\u00e1s de acompa\u00f1amiento psicol\u00f3gico.<\/p>\n\n\n\n<p>\u201cEl prop\u00f3sito es apoyar el desarrollo integral de las ni\u00f1as y los ni\u00f1os, brind\u00e1ndoles herramientas que contribuyan a su bienestar y desempe\u00f1o escolar\u201d, se\u00f1al\u00f3 personal de la dependencia.<\/p>\n\n\n\n<p>Con esta iniciativa, el Gobierno Municipal reafirma su compromiso de fortalecer la educaci\u00f3n y salud emocional de la ni\u00f1ez neolaredense durante el periodo vacacional.<\/p>\n","protected":false},"excerpt":{"rendered":"<p>Por: Staff | #NuevoLaredo #Laredo #NLD #Tamaulipas Con una entusiasta participaci\u00f3n de ni\u00f1as y ni\u00f1os de entre 6 y 12 a\u00f1os, se desarrolla el Curso de Verano 2025 del Programa de Apoyo Integral Educativo y Emocional, impulsado por la Secretar\u00eda de Educaci\u00f3n, Cultura y Deporte del Gobierno Municipal. El campamento, que se lleva a cabo &hellip;<\/p>\n","protected":false},"author":1,"featured_media":17564,"comment_status":"open","ping_status":"open","sticky":false,"template":"","format":"standard","meta":{"footnotes":""},"categories":[38],"tags":[],"class_list":["post-17563","post","type-post","status-publish","format-standard","has-post-thumbnail","","category-nuevo-laredo"],"_links":{"self":[{"href":"https:\/\/www.radiointeractivo.com.mx\/index.php?rest_route=\/wp\/v2\/posts\/17563","targetHints":{"allow":["GET"]}}],"collection":[{"href":"https:\/\/www.radiointeractivo.com.mx\/index.php?rest_route=\/wp\/v2\/posts"}],"about":[{"href":"https:\/\/www.radiointeractivo.com.mx\/index.php?rest_route=\/wp\/v2\/types\/post"}],"author":[{"embeddable":true,"href":"https:\/\/www.radiointeractivo.com.mx\/index.php?rest_route=\/wp\/v2\/users\/1"}],"replies":[{"embeddable":true,"href":"https:\/\/www.radiointeractivo.com.mx\/index.php?rest_route=%2Fwp%2Fv2%2Fcomments&post=17563"}],"version-history":[{"count":1,"href":"https:\/\/www.radiointeractivo.com.mx\/index.php?rest_route=\/wp\/v2\/posts\/17563\/revisions"}],"predecessor-version":[{"id":17565,"href":"https:\/\/www.radiointeractivo.com.mx\/index.php?rest_route=\/wp\/v2\/posts\/17563\/revisions\/17565"}],"wp:featuredmedia":[{"embeddable":true,"href":"https:\/\/www.radiointeractivo.com.mx\/index.php?rest_route=\/wp\/v2\/media\/17564"}],"wp:attachment":[{"href":"https:\/\/www.radiointeractivo.com.mx\/index.php?rest_route=%2Fwp%2Fv2%2Fmedia&parent=17563"}],"wp:term":[{"taxonomy":"category","embeddable":true,"href":"https:\/\/www.radiointeractivo.com.mx\/index.php?rest_route=%2Fwp%2Fv2%2Fcategories&post=17563"},{"taxonomy":"post_tag","embeddable":true,"href":"https:\/\/www.radiointeractivo.com.mx\/index.php?rest_route=%2Fwp%2Fv2%2Ftags&post=17563"}],"curies":[{"name":"wp","href":"https:\/\/api.w.org\/{rel}","templated":true}]}}